{"id":80258,"date":"2025-10-21T13:09:52","date_gmt":"2025-10-21T19:09:52","guid":{"rendered":"https:\/\/mediagroup.mx\/?p=80258"},"modified":"2025-10-21T13:09:52","modified_gmt":"2025-10-21T19:09:52","slug":"ceneval-apuntara-a-evaluar-criterios-transversales-se-requiere-buenos-profesionistas-pero-sobre-todo-buenos-seres-humanos-rodriguez-armenta","status":"publish","type":"post","link":"https:\/\/mediagroup.mx\/index.php\/2025\/10\/21\/ceneval-apuntara-a-evaluar-criterios-transversales-se-requiere-buenos-profesionistas-pero-sobre-todo-buenos-seres-humanos-rodriguez-armenta\/","title":{"rendered":"Ceneval apuntar\u00e1 a evaluar criterios transversales; se requiere buenos profesionistas pero sobre todo buenos seres humanos: Rodr\u00edguez Armenta"},"content":{"rendered":"<p>Morelia, Michoac\u00e1n, a 21 de octubre de 2025.- El Centro Nacional de Evaluaci\u00f3n para la Educaci\u00f3n Superior (Ceneval) apuntar\u00e1 a evaluar tambi\u00e9n los criterios transversales en diversos ex\u00e1menes, adelant\u00f3 la directora general del organismo, Carmen Enedina Rodr\u00edguez Armenta, al referir que se requiere formar buenos profesionistas pero sobre todo buenos ciudadanos y buenos seres humanos.<\/p>\n<p>Lo anterior, al brindar la conferencia magistral \u201cInnovaci\u00f3n en microcredenciales y solidez acad\u00e9mica en Ceneval\u201d, en donde estuvo acompa\u00f1ada por la rectora de la Universidad Michoacana de San Nicol\u00e1s de Hidalgo (UMSNH), Yarab\u00ed \u00c1vila Gonz\u00e1lez.<\/p>\n<p>Ante un auditorio con cupo lleno de directivos, docentes y estudiantes nicolaitas, la funcionaria federal precis\u00f3 que hoy en d\u00eda se tiene que hacer \u00e9nfasis en habilidades del siglo 21, como es el trabajo en equipo, el trabajo remoto y una mayor internacionalizaci\u00f3n.<\/p>\n<p>Rodr\u00edguez Armenta apunt\u00f3 que la Nueva Escuela Mexicana pone en el centro que la persona no solamente sea buena en cierto conocimiento, sino que tambi\u00e9n sepa aplicarlo y que sea una buena persona.<\/p>\n<p>Record\u00f3 que en el a\u00f1o 2021 se cre\u00f3 la Ley General de Educaci\u00f3n Superior, la cual gu\u00eda a las universidades, y en este sentido precis\u00f3 que establece en el Art\u00edculo 7 que la instituciones tanto p\u00fablicas como privadas deben formar de manera integral a las personas, es decir, \u201cque tengamos pensamiento cr\u00edtico, pensamiento creativo, que tengamos habilidades personales para la resoluci\u00f3n de problemas\u201d.<\/p>\n<p>Adem\u00e1s de sentido de pertenencia y respeto de la interculturalidad, responsabilidad ciudadana y del cuidado al medio ambiente, respeto de los derechos humanos y cultura de paz, equidad de g\u00e9nero, el combate a la discriminaci\u00f3n y la violencia, as\u00ed como habilidades digitales y habilidades socioemocionales, entre otras caracter\u00edsticas.<\/p>\n<p>En este sentido, apunt\u00f3 que, el examen del Ceneval va a tomar en cuenta estos temas, \u201cno solamente vamos a revisar que ustedes sean muy buenos en Derecho o Enfermer\u00eda, vamos a estar haciendo ex\u00e1menes de contexto que nos permitan identificar que ustedes cumplen con todo lo que se desea en ese Art\u00edculo 7\u201d.<\/p>\n<p>Al respecto, comparti\u00f3 como tip para las y los aspirantes que aplicar\u00e1n el examen Ceneval, que se estar\u00e1n evaluando dichos aspectos. \u201cPorque lo que nosotros queremos que ustedes sepan es que no solamente son buenos profesionales, insisto, sino tambi\u00e9n buenos ciudadanos y buenos seres humanos\u201d.<\/p>\n<p>Generalmente, a\u00f1adi\u00f3, uno no premia cuando alguien es un buen ser humano, pero ahora los Premios de Ceneval van a tener que ver con eso, porque nosotros lo que queremos es una sociedad que unos a otros nos reconozcamos y veamos que el otro tambi\u00e9n es importante para nuestra formaci\u00f3n.<\/p>\n<p>La exsubsecretaria de Educaci\u00f3n Superior, indic\u00f3 que uno de los objetivos es que los elementos que establece dicha Ley, relativos a la formaci\u00f3n integral, se midan para poder mejorar, y refiri\u00f3 que una de las tendencias a nivel mundial en la educaci\u00f3n es dar apertura a generar nuevas carreras con pertinencia, pero tambi\u00e9n con equidad.<\/p>\n<p>De igual forma, invit\u00f3 a las y los estudiantes que est\u00e1n por egresar a elegir el Examen EGEL como opci\u00f3n de titulaci\u00f3n, tras referir que dicha evaluaci\u00f3n permite tambi\u00e9n medir c\u00f3mo est\u00e1n egresando las y los j\u00f3venes, brindando datos importantes a las instituciones educativas.<\/p>\n<p>Finalmente, comparti\u00f3 el funcionamiento de las microcredenciales, que son certificaciones de capacidades y habilidades o de saberes cortos, que ofrece Ceneval, las cuales permiten fortalecer la pertinencia formativa y mejorar la empleabilidad.<\/p>\n<p>Por su parte, la rectora Yarab\u00ed \u00c1vila agradeci\u00f3 la presencia de la directora general del organismo nacional, Carmen Rodr\u00edguez Armenta y reconoci\u00f3 el apoyo que la Universidad Michoacana ha recibido por parte de la funcionaria, lo que dijo, ha fortalecido de manera significativa a la instituci\u00f3n.<\/p>\n<p><img loading=\"lazy\" decoding=\"async\" class=\"alignnone size-medium wp-image-80259\" src=\"https:\/\/mediagroup.mx\/wp-content\/uploads\/2025\/10\/WhatsApp-Image-2025-10-21-at-12.59.12-PM-300x200.jpeg\" alt=\"\" width=\"300\" height=\"200\" srcset=\"https:\/\/mediagroup.mx\/wp-content\/uploads\/2025\/10\/WhatsApp-Image-2025-10-21-at-12.59.12-PM-300x200.jpeg 300w, https:\/\/mediagroup.mx\/wp-content\/uploads\/2025\/10\/WhatsApp-Image-2025-10-21-at-12.59.12-PM-1024x682.jpeg 1024w, https:\/\/mediagroup.mx\/wp-content\/uploads\/2025\/10\/WhatsApp-Image-2025-10-21-at-12.59.12-PM-768x512.jpeg 768w, https:\/\/mediagroup.mx\/wp-content\/uploads\/2025\/10\/WhatsApp-Image-2025-10-21-at-12.59.12-PM-150x100.jpeg 150w, https:\/\/mediagroup.mx\/wp-content\/uploads\/2025\/10\/WhatsApp-Image-2025-10-21-at-12.59.12-PM-696x464.jpeg 696w, https:\/\/mediagroup.mx\/wp-content\/uploads\/2025\/10\/WhatsApp-Image-2025-10-21-at-12.59.12-PM-1068x712.jpeg 1068w, https:\/\/mediagroup.mx\/wp-content\/uploads\/2025\/10\/WhatsApp-Image-2025-10-21-at-12.59.12-PM.jpeg 1280w\" sizes=\"auto, (max-width: 300px) 100vw, 300px\" \/><\/p>\n","protected":false},"excerpt":{"rendered":"<p>Morelia, Michoac\u00e1n, a 21 de octubre de 2025.- El Centro Nacional de Evaluaci\u00f3n para la Educaci\u00f3n Superior (Ceneval) apuntar\u00e1 a evaluar tambi\u00e9n los criterios transversales en diversos ex\u00e1menes, adelant\u00f3 la directora general del organismo, Carmen Enedina Rodr\u00edguez Armenta, al referir que se requiere formar buenos profesionistas pero sobre todo buenos ciudadanos y buenos seres humanos. [&hellip;]<\/p>\n","protected":false},"author":2,"featured_media":80259,"comment_status":"closed","ping_status":"closed","sticky":false,"template":"","format":"standard","meta":{"om_disable_all_campaigns":false,"_monsterinsights_skip_tracking":false,"_monsterinsights_sitenote_active":false,"_monsterinsights_sitenote_note":"","_monsterinsights_sitenote_category":0,"_uf_show_specific_survey":0,"_uf_disable_surveys":false,"_jetpack_memberships_contains_paid_content":false,"footnotes":"","jetpack_publicize_message":"Ceneval apuntar\u00e1 a evaluar criterios transversales; se requiere buenos profesionistas pero sobre todo buenos seres humanos: Rodr\u00edguez Armenta\r\n\r\n* La rectora de la UMSNH, Yarab\u00ed \u00c1vila, recibi\u00f3 a la directora general del Ceneval, Carmen Rodr\u00edguez, quien brind\u00f3 la ponencia magistral \u201cInnovaci\u00f3n en microcredenciales y solidez acad\u00e9mica en Ceneval\u201d.","jetpack_publicize_feature_enabled":true,"jetpack_social_post_already_shared":true,"jetpack_social_options":{"image_generator_settings":{"template":"highway","default_image_id":0,"enabled":false},"version":2}},"categories":[17],"tags":[],"class_list":{"0":"post-80258","1":"post","2":"type-post","3":"status-publish","4":"format-standard","5":"has-post-thumbnail","7":"category-morelia"},"aioseo_notices":[],"jetpack_publicize_connections":[],"jetpack_featured_media_url":"https:\/\/mediagroup.mx\/wp-content\/uploads\/2025\/10\/WhatsApp-Image-2025-10-21-at-12.59.12-PM.jpeg","jetpack_sharing_enabled":true,"_links":{"self":[{"href":"https:\/\/mediagroup.mx\/index.php\/wp-json\/wp\/v2\/posts\/80258","targetHints":{"allow":["GET"]}}],"collection":[{"href":"https:\/\/mediagroup.mx\/index.php\/wp-json\/wp\/v2\/posts"}],"about":[{"href":"https:\/\/mediagroup.mx\/index.php\/wp-json\/wp\/v2\/types\/post"}],"author":[{"embeddable":true,"href":"https:\/\/mediagroup.mx\/index.php\/wp-json\/wp\/v2\/users\/2"}],"replies":[{"embeddable":true,"href":"https:\/\/mediagroup.mx\/index.php\/wp-json\/wp\/v2\/comments?post=80258"}],"version-history":[{"count":1,"href":"https:\/\/mediagroup.mx\/index.php\/wp-json\/wp\/v2\/posts\/80258\/revisions"}],"predecessor-version":[{"id":80260,"href":"https:\/\/mediagroup.mx\/index.php\/wp-json\/wp\/v2\/posts\/80258\/revisions\/80260"}],"wp:featuredmedia":[{"embeddable":true,"href":"https:\/\/mediagroup.mx\/index.php\/wp-json\/wp\/v2\/media\/80259"}],"wp:attachment":[{"href":"https:\/\/mediagroup.mx\/index.php\/wp-json\/wp\/v2\/media?parent=80258"}],"wp:term":[{"taxonomy":"category","embeddable":true,"href":"https:\/\/mediagroup.mx\/index.php\/wp-json\/wp\/v2\/categories?post=80258"},{"taxonomy":"post_tag","embeddable":true,"href":"https:\/\/mediagroup.mx\/index.php\/wp-json\/wp\/v2\/tags?post=80258"}],"curies":[{"name":"wp","href":"https:\/\/api.w.org\/{rel}","templated":true}]}}