{"id":81000,"date":"2025-11-05T14:32:36","date_gmt":"2025-11-05T20:32:36","guid":{"rendered":"https:\/\/mediagroup.mx\/?p=81000"},"modified":"2025-11-05T14:32:36","modified_gmt":"2025-11-05T20:32:36","slug":"hombre-muere-en-hospital-de-zamora-tras-provocarse-heridas-con-un-cuchillo","status":"publish","type":"post","link":"https:\/\/mediagroup.mx\/index.php\/2025\/11\/05\/hombre-muere-en-hospital-de-zamora-tras-provocarse-heridas-con-un-cuchillo\/","title":{"rendered":"Hombre muere en hospital de Zamora tras provocarse heridas con un cuchillo"},"content":{"rendered":"<p>RED 113 MICHOAC\u00c1N\/Redacci\u00f3n<\/p>\n<p>Zamora, Mich.- 5 de noviembre de 2025.- Un hombre perdi\u00f3 la vida la madrugada de este mi\u00e9rcoles luego de presuntamente causarse m\u00faltiples heridas con un cuchillo, en hechos registrados en el fraccionamiento Infonavit Arboledas, en Zamora.<\/p>\n<p>De acuerdo con los reportes oficiales, el C5i recibi\u00f3 un llamado de emergencia en el que se alertaba sobre un individuo que se encontraba alterado y portando un arma blanca en el andador Pera.<\/p>\n<p>Los elementos de la Direcci\u00f3n de Seguridad P\u00fablica Municipal acudieron al sitio y localizaron al hombre con lesiones en el cuello y una mano. Seg\u00fan los primeros informes, el sujeto continuaba agredi\u00e9ndose con el cuchillo, lo que impidi\u00f3 que los param\u00e9dicos pudieran brindarle atenci\u00f3n inmediata.<\/p>\n<p>Tras varios minutos, el individuo, identificado como Pedro S., de aproximadamente 50 a\u00f1os de edad, fue finalmente controlado por los agentes y auxiliado por socorristas de Rescate y Cruz Roja, quienes lo trasladaron al hospital privado Juan Pablo II. Sin embargo, pese a los esfuerzos m\u00e9dicos, el hombre falleci\u00f3 poco despu\u00e9s de su ingreso debido a la gravedad de las heridas y la p\u00e9rdida de sangre.<\/p>\n<p>El personal de la Fiscal\u00eda General del Estado acudi\u00f3 al hospital para realizar el levantamiento del cuerpo e iniciar las investigaciones correspondientes. Las autoridades trabajan en determinar las causas que llevaron al hombre a lesionarse y esclarecer las circunstancias del incidente<\/p>\n<p><img loading=\"lazy\" decoding=\"async\" class=\"alignnone size-medium wp-image-81001\" src=\"https:\/\/mediagroup.mx\/wp-content\/uploads\/2025\/11\/WhatsApp-Image-2025-11-05-at-12.06.41-PM-2-300x169.jpeg\" alt=\"\" width=\"300\" height=\"169\" srcset=\"https:\/\/mediagroup.mx\/wp-content\/uploads\/2025\/11\/WhatsApp-Image-2025-11-05-at-12.06.41-PM-2-300x169.jpeg 300w, https:\/\/mediagroup.mx\/wp-content\/uploads\/2025\/11\/WhatsApp-Image-2025-11-05-at-12.06.41-PM-2-1024x576.jpeg 1024w, https:\/\/mediagroup.mx\/wp-content\/uploads\/2025\/11\/WhatsApp-Image-2025-11-05-at-12.06.41-PM-2-768x432.jpeg 768w, https:\/\/mediagroup.mx\/wp-content\/uploads\/2025\/11\/WhatsApp-Image-2025-11-05-at-12.06.41-PM-2-1536x864.jpeg 1536w, https:\/\/mediagroup.mx\/wp-content\/uploads\/2025\/11\/WhatsApp-Image-2025-11-05-at-12.06.41-PM-2-150x84.jpeg 150w, https:\/\/mediagroup.mx\/wp-content\/uploads\/2025\/11\/WhatsApp-Image-2025-11-05-at-12.06.41-PM-2-696x392.jpeg 696w, https:\/\/mediagroup.mx\/wp-content\/uploads\/2025\/11\/WhatsApp-Image-2025-11-05-at-12.06.41-PM-2-1068x601.jpeg 1068w, https:\/\/mediagroup.mx\/wp-content\/uploads\/2025\/11\/WhatsApp-Image-2025-11-05-at-12.06.41-PM-2.jpeg 1600w\" sizes=\"auto, (max-width: 300px) 100vw, 300px\" \/> <img loading=\"lazy\" decoding=\"async\" class=\"alignnone size-medium wp-image-81002\" src=\"https:\/\/mediagroup.mx\/wp-content\/uploads\/2025\/11\/WhatsApp-Image-2025-11-05-at-12.06.41-PM-1-300x169.jpeg\" alt=\"\" width=\"300\" height=\"169\" srcset=\"https:\/\/mediagroup.mx\/wp-content\/uploads\/2025\/11\/WhatsApp-Image-2025-11-05-at-12.06.41-PM-1-300x169.jpeg 300w, https:\/\/mediagroup.mx\/wp-content\/uploads\/2025\/11\/WhatsApp-Image-2025-11-05-at-12.06.41-PM-1-1024x576.jpeg 1024w, https:\/\/mediagroup.mx\/wp-content\/uploads\/2025\/11\/WhatsApp-Image-2025-11-05-at-12.06.41-PM-1-768x432.jpeg 768w, https:\/\/mediagroup.mx\/wp-content\/uploads\/2025\/11\/WhatsApp-Image-2025-11-05-at-12.06.41-PM-1-1536x864.jpeg 1536w, https:\/\/mediagroup.mx\/wp-content\/uploads\/2025\/11\/WhatsApp-Image-2025-11-05-at-12.06.41-PM-1-150x84.jpeg 150w, https:\/\/mediagroup.mx\/wp-content\/uploads\/2025\/11\/WhatsApp-Image-2025-11-05-at-12.06.41-PM-1-696x392.jpeg 696w, https:\/\/mediagroup.mx\/wp-content\/uploads\/2025\/11\/WhatsApp-Image-2025-11-05-at-12.06.41-PM-1-1068x601.jpeg 1068w, https:\/\/mediagroup.mx\/wp-content\/uploads\/2025\/11\/WhatsApp-Image-2025-11-05-at-12.06.41-PM-1.jpeg 1600w\" sizes=\"auto, (max-width: 300px) 100vw, 300px\" \/> <img loading=\"lazy\" decoding=\"async\" class=\"alignnone size-medium wp-image-81003\" src=\"https:\/\/mediagroup.mx\/wp-content\/uploads\/2025\/11\/WhatsApp-Image-2025-11-05-at-12.06.41-PM-300x225.jpeg\" alt=\"\" width=\"300\" height=\"225\" srcset=\"https:\/\/mediagroup.mx\/wp-content\/uploads\/2025\/11\/WhatsApp-Image-2025-11-05-at-12.06.41-PM-300x225.jpeg 300w, https:\/\/mediagroup.mx\/wp-content\/uploads\/2025\/11\/WhatsApp-Image-2025-11-05-at-12.06.41-PM-1024x768.jpeg 1024w, https:\/\/mediagroup.mx\/wp-content\/uploads\/2025\/11\/WhatsApp-Image-2025-11-05-at-12.06.41-PM-768x576.jpeg 768w, https:\/\/mediagroup.mx\/wp-content\/uploads\/2025\/11\/WhatsApp-Image-2025-11-05-at-12.06.41-PM-1536x1152.jpeg 1536w, https:\/\/mediagroup.mx\/wp-content\/uploads\/2025\/11\/WhatsApp-Image-2025-11-05-at-12.06.41-PM-150x113.jpeg 150w, https:\/\/mediagroup.mx\/wp-content\/uploads\/2025\/11\/WhatsApp-Image-2025-11-05-at-12.06.41-PM-696x522.jpeg 696w, https:\/\/mediagroup.mx\/wp-content\/uploads\/2025\/11\/WhatsApp-Image-2025-11-05-at-12.06.41-PM-1068x801.jpeg 1068w, https:\/\/mediagroup.mx\/wp-content\/uploads\/2025\/11\/WhatsApp-Image-2025-11-05-at-12.06.41-PM.jpeg 1600w\" sizes=\"auto, (max-width: 300px) 100vw, 300px\" \/><\/p>\n","protected":false},"excerpt":{"rendered":"<p>RED 113 MICHOAC\u00c1N\/Redacci\u00f3n Zamora, Mich.- 5 de noviembre de 2025.- Un hombre perdi\u00f3 la vida la madrugada de este mi\u00e9rcoles luego de presuntamente causarse m\u00faltiples heridas con un cuchillo, en hechos registrados en el fraccionamiento Infonavit Arboledas, en Zamora. De acuerdo con los reportes oficiales, el C5i recibi\u00f3 un llamado de emergencia en el que [&hellip;]<\/p>\n","protected":false},"author":2,"featured_media":81003,"comment_status":"closed","ping_status":"closed","sticky":false,"template":"","format":"standard","meta":{"om_disable_all_campaigns":false,"_monsterinsights_skip_tracking":false,"_monsterinsights_sitenote_active":false,"_monsterinsights_sitenote_note":"","_monsterinsights_sitenote_category":0,"_uf_show_specific_survey":0,"_uf_disable_surveys":false,"_jetpack_memberships_contains_paid_content":false,"footnotes":"","jetpack_publicize_message":"Hombre muere en hospital de Zamora tras provocarse heridas con un cuchillo","jetpack_publicize_feature_enabled":true,"jetpack_social_post_already_shared":true,"jetpack_social_options":{"image_generator_settings":{"template":"highway","default_image_id":0,"enabled":false},"version":2}},"categories":[36],"tags":[],"class_list":{"0":"post-81000","1":"post","2":"type-post","3":"status-publish","4":"format-standard","5":"has-post-thumbnail","7":"category-michoacanseguridad"},"aioseo_notices":[],"jetpack_publicize_connections":[],"jetpack_featured_media_url":"https:\/\/mediagroup.mx\/wp-content\/uploads\/2025\/11\/WhatsApp-Image-2025-11-05-at-12.06.41-PM.jpeg","jetpack_sharing_enabled":true,"_links":{"self":[{"href":"https:\/\/mediagroup.mx\/index.php\/wp-json\/wp\/v2\/posts\/81000","targetHints":{"allow":["GET"]}}],"collection":[{"href":"https:\/\/mediagroup.mx\/index.php\/wp-json\/wp\/v2\/posts"}],"about":[{"href":"https:\/\/mediagroup.mx\/index.php\/wp-json\/wp\/v2\/types\/post"}],"author":[{"embeddable":true,"href":"https:\/\/mediagroup.mx\/index.php\/wp-json\/wp\/v2\/users\/2"}],"replies":[{"embeddable":true,"href":"https:\/\/mediagroup.mx\/index.php\/wp-json\/wp\/v2\/comments?post=81000"}],"version-history":[{"count":1,"href":"https:\/\/mediagroup.mx\/index.php\/wp-json\/wp\/v2\/posts\/81000\/revisions"}],"predecessor-version":[{"id":81004,"href":"https:\/\/mediagroup.mx\/index.php\/wp-json\/wp\/v2\/posts\/81000\/revisions\/81004"}],"wp:featuredmedia":[{"embeddable":true,"href":"https:\/\/mediagroup.mx\/index.php\/wp-json\/wp\/v2\/media\/81003"}],"wp:attachment":[{"href":"https:\/\/mediagroup.mx\/index.php\/wp-json\/wp\/v2\/media?parent=81000"}],"wp:term":[{"taxonomy":"category","embeddable":true,"href":"https:\/\/mediagroup.mx\/index.php\/wp-json\/wp\/v2\/categories?post=81000"},{"taxonomy":"post_tag","embeddable":true,"href":"https:\/\/mediagroup.mx\/index.php\/wp-json\/wp\/v2\/tags?post=81000"}],"curies":[{"name":"wp","href":"https:\/\/api.w.org\/{rel}","templated":true}]}}