{"id":81005,"date":"2025-11-05T14:34:40","date_gmt":"2025-11-05T20:34:40","guid":{"rendered":"https:\/\/mediagroup.mx\/?p=81005"},"modified":"2025-11-05T14:34:40","modified_gmt":"2025-11-05T20:34:40","slug":"empleados-municipales-de-uruapan-y-transportistas-marchan-en-memoria-del-alcalde-carlos-manzo","status":"publish","type":"post","link":"https:\/\/mediagroup.mx\/index.php\/2025\/11\/05\/empleados-municipales-de-uruapan-y-transportistas-marchan-en-memoria-del-alcalde-carlos-manzo\/","title":{"rendered":"Empleados municipales de Uruapan y transportistas marchan en memoria del alcalde Carlos Manzo"},"content":{"rendered":"<p>RED 113 MICHOAC\u00c1N\/Redacci\u00f3n<\/p>\n<p>Uruapan, Mich.- 05 de noviembre de 2025.- La ma\u00f1ana de este mi\u00e9rcoles, continuaron las manifestaciones para exigir justicia por el crimen del alcalde Carlos Manzo; empleados municipales y transportistas marcharon hasta el Centro de la ciudad, mientras que los plantones por parte de estudiantes siguen por fuera de las escuelas preparatorias y la Facultad de Agrobiolog\u00eda, dependientes de la Universidad Michoacana de San Nicol\u00e1s de Hidalgo (UMSNH).<\/p>\n<p>Desde temprana hora, miembros de diversas organizaciones de transportistas iniciaron au recorrido desde Zumpimito, sobre el Paseo de la Revoluci\u00f3n, Paseo L\u00e1zaro C\u00e1rdenas y la calle Morelos hasta el primer cuadro, a d\u00f3nde mientras tambi\u00e9n arribaron miembros del Sindicato \u00danico de Trabajadores y Empleados Municipales (SUTEM).<\/p>\n<p>Los manifestantes portaban cartulina y lonas en las que exigen justicia para el alcalde Carlos Manzo, ultimado la noche del s\u00e1bado, as\u00ed como seguridad y paz para Uruapan y Michoac\u00e1n.<\/p>\n<p>Por la tarde de tienen programadas otras movilizaciones de motociclistas que partir\u00e1n de la colonia La Pinera al Centro de la ciudad, una rodada ciclista y otra marcha en la comunidad de Caltzotzin.<\/p>\n<p>Cabe se\u00f1alar que decenas de estudiantes mantienen plantones en las escuela preparatorias, sobre la avenida L\u00e1zaro C\u00e1rdenas, donde uno de los carriles est\u00e1 cerrado a la circulaci\u00f3n, as\u00ed como en la Facultad de Agrobiolog\u00eda.<\/p>\n<p><img loading=\"lazy\" decoding=\"async\" class=\"alignnone size-medium wp-image-81006\" src=\"https:\/\/mediagroup.mx\/wp-content\/uploads\/2025\/11\/WhatsApp-Image-2025-11-05-at-12.41.10-PM-300x221.jpeg\" alt=\"\" width=\"300\" height=\"221\" srcset=\"https:\/\/mediagroup.mx\/wp-content\/uploads\/2025\/11\/WhatsApp-Image-2025-11-05-at-12.41.10-PM-300x221.jpeg 300w, https:\/\/mediagroup.mx\/wp-content\/uploads\/2025\/11\/WhatsApp-Image-2025-11-05-at-12.41.10-PM-150x111.jpeg 150w, https:\/\/mediagroup.mx\/wp-content\/uploads\/2025\/11\/WhatsApp-Image-2025-11-05-at-12.41.10-PM-696x513.jpeg 696w, https:\/\/mediagroup.mx\/wp-content\/uploads\/2025\/11\/WhatsApp-Image-2025-11-05-at-12.41.10-PM.jpeg 720w\" sizes=\"auto, (max-width: 300px) 100vw, 300px\" \/> <img loading=\"lazy\" decoding=\"async\" class=\"alignnone size-medium wp-image-81007\" src=\"https:\/\/mediagroup.mx\/wp-content\/uploads\/2025\/11\/WhatsApp-Image-2025-11-05-at-12.41.09-PM-1-250x300.jpeg\" alt=\"\" width=\"250\" height=\"300\" srcset=\"https:\/\/mediagroup.mx\/wp-content\/uploads\/2025\/11\/WhatsApp-Image-2025-11-05-at-12.41.09-PM-1-250x300.jpeg 250w, https:\/\/mediagroup.mx\/wp-content\/uploads\/2025\/11\/WhatsApp-Image-2025-11-05-at-12.41.09-PM-1-852x1024.jpeg 852w, https:\/\/mediagroup.mx\/wp-content\/uploads\/2025\/11\/WhatsApp-Image-2025-11-05-at-12.41.09-PM-1-768x923.jpeg 768w, https:\/\/mediagroup.mx\/wp-content\/uploads\/2025\/11\/WhatsApp-Image-2025-11-05-at-12.41.09-PM-1-150x180.jpeg 150w, https:\/\/mediagroup.mx\/wp-content\/uploads\/2025\/11\/WhatsApp-Image-2025-11-05-at-12.41.09-PM-1-300x361.jpeg 300w, https:\/\/mediagroup.mx\/wp-content\/uploads\/2025\/11\/WhatsApp-Image-2025-11-05-at-12.41.09-PM-1-696x837.jpeg 696w, https:\/\/mediagroup.mx\/wp-content\/uploads\/2025\/11\/WhatsApp-Image-2025-11-05-at-12.41.09-PM-1.jpeg 900w\" sizes=\"auto, (max-width: 250px) 100vw, 250px\" \/> <img loading=\"lazy\" decoding=\"async\" class=\"alignnone size-medium wp-image-81008\" src=\"https:\/\/mediagroup.mx\/wp-content\/uploads\/2025\/11\/WhatsApp-Image-2025-11-05-at-12.41.09-PM-213x300.jpeg\" alt=\"\" width=\"213\" height=\"300\" srcset=\"https:\/\/mediagroup.mx\/wp-content\/uploads\/2025\/11\/WhatsApp-Image-2025-11-05-at-12.41.09-PM-213x300.jpeg 213w, https:\/\/mediagroup.mx\/wp-content\/uploads\/2025\/11\/WhatsApp-Image-2025-11-05-at-12.41.09-PM-727x1024.jpeg 727w, https:\/\/mediagroup.mx\/wp-content\/uploads\/2025\/11\/WhatsApp-Image-2025-11-05-at-12.41.09-PM-768x1082.jpeg 768w, https:\/\/mediagroup.mx\/wp-content\/uploads\/2025\/11\/WhatsApp-Image-2025-11-05-at-12.41.09-PM-150x211.jpeg 150w, https:\/\/mediagroup.mx\/wp-content\/uploads\/2025\/11\/WhatsApp-Image-2025-11-05-at-12.41.09-PM-300x423.jpeg 300w, https:\/\/mediagroup.mx\/wp-content\/uploads\/2025\/11\/WhatsApp-Image-2025-11-05-at-12.41.09-PM-696x980.jpeg 696w, https:\/\/mediagroup.mx\/wp-content\/uploads\/2025\/11\/WhatsApp-Image-2025-11-05-at-12.41.09-PM.jpeg 898w\" sizes=\"auto, (max-width: 213px) 100vw, 213px\" \/><\/p>\n<p>&nbsp;<\/p>\n","protected":false},"excerpt":{"rendered":"<p>RED 113 MICHOAC\u00c1N\/Redacci\u00f3n Uruapan, Mich.- 05 de noviembre de 2025.- La ma\u00f1ana de este mi\u00e9rcoles, continuaron las manifestaciones para exigir justicia por el crimen del alcalde Carlos Manzo; empleados municipales y transportistas marcharon hasta el Centro de la ciudad, mientras que los plantones por parte de estudiantes siguen por fuera de las escuelas preparatorias y [&hellip;]<\/p>\n","protected":false},"author":2,"featured_media":81008,"comment_status":"closed","ping_status":"closed","sticky":false,"template":"","format":"standard","meta":{"om_disable_all_campaigns":false,"_monsterinsights_skip_tracking":false,"_monsterinsights_sitenote_active":false,"_monsterinsights_sitenote_note":"","_monsterinsights_sitenote_category":0,"_uf_show_specific_survey":0,"_uf_disable_surveys":false,"_jetpack_memberships_contains_paid_content":false,"footnotes":"","jetpack_publicize_message":"Empleados municipales de Uruapan y transportistas marchan en memoria del alcalde Carlos Manzo","jetpack_publicize_feature_enabled":true,"jetpack_social_post_already_shared":true,"jetpack_social_options":{"image_generator_settings":{"template":"highway","default_image_id":0,"enabled":false},"version":2}},"categories":[36],"tags":[],"class_list":{"0":"post-81005","1":"post","2":"type-post","3":"status-publish","4":"format-standard","5":"has-post-thumbnail","7":"category-michoacanseguridad"},"aioseo_notices":[],"jetpack_publicize_connections":[],"jetpack_featured_media_url":"https:\/\/mediagroup.mx\/wp-content\/uploads\/2025\/11\/WhatsApp-Image-2025-11-05-at-12.41.09-PM.jpeg","jetpack_sharing_enabled":true,"_links":{"self":[{"href":"https:\/\/mediagroup.mx\/index.php\/wp-json\/wp\/v2\/posts\/81005","targetHints":{"allow":["GET"]}}],"collection":[{"href":"https:\/\/mediagroup.mx\/index.php\/wp-json\/wp\/v2\/posts"}],"about":[{"href":"https:\/\/mediagroup.mx\/index.php\/wp-json\/wp\/v2\/types\/post"}],"author":[{"embeddable":true,"href":"https:\/\/mediagroup.mx\/index.php\/wp-json\/wp\/v2\/users\/2"}],"replies":[{"embeddable":true,"href":"https:\/\/mediagroup.mx\/index.php\/wp-json\/wp\/v2\/comments?post=81005"}],"version-history":[{"count":1,"href":"https:\/\/mediagroup.mx\/index.php\/wp-json\/wp\/v2\/posts\/81005\/revisions"}],"predecessor-version":[{"id":81009,"href":"https:\/\/mediagroup.mx\/index.php\/wp-json\/wp\/v2\/posts\/81005\/revisions\/81009"}],"wp:featuredmedia":[{"embeddable":true,"href":"https:\/\/mediagroup.mx\/index.php\/wp-json\/wp\/v2\/media\/81008"}],"wp:attachment":[{"href":"https:\/\/mediagroup.mx\/index.php\/wp-json\/wp\/v2\/media?parent=81005"}],"wp:term":[{"taxonomy":"category","embeddable":true,"href":"https:\/\/mediagroup.mx\/index.php\/wp-json\/wp\/v2\/categories?post=81005"},{"taxonomy":"post_tag","embeddable":true,"href":"https:\/\/mediagroup.mx\/index.php\/wp-json\/wp\/v2\/tags?post=81005"}],"curies":[{"name":"wp","href":"https:\/\/api.w.org\/{rel}","templated":true}]}}