{"id":81013,"date":"2025-11-05T17:26:22","date_gmt":"2025-11-05T23:26:22","guid":{"rendered":"https:\/\/mediagroup.mx\/?p=81013"},"modified":"2025-11-05T15:28:41","modified_gmt":"2025-11-05T21:28:41","slug":"presentan-nuevo-plan-para-pacificar-michoacan-es-el-cuarto-en-19-anos","status":"publish","type":"post","link":"https:\/\/mediagroup.mx\/index.php\/2025\/11\/05\/presentan-nuevo-plan-para-pacificar-michoacan-es-el-cuarto-en-19-anos\/","title":{"rendered":"Presentan nuevo plan para pacificar Michoac\u00e1n; es el cuarto en 19 a\u00f1os"},"content":{"rendered":"<p class=\"sc__font-paragraph\" style=\"text-align: justify;\">La presidenta\u00a0<a title=\"https:\/\/www.eluniversal.com.mx\/nacion\/falla-seguridad-de-sheinbaum-sujeto-la-toca-sin-su-consentimiento\/\" href=\"https:\/\/www.eluniversal.com.mx\/nacion\/falla-seguridad-de-sheinbaum-sujeto-la-toca-sin-su-consentimiento\/\" target=\"_blank\" rel=\"noopener noreferrer\" data-mrf-link=\"https:\/\/www.eluniversal.com.mx\/nacion\/falla-seguridad-de-sheinbaum-sujeto-la-toca-sin-su-consentimiento\/\"><b>Claudia Sheinbaum<\/b><\/a><b>\u00a0<\/b>present\u00f3 ayer el\u00a0<a title=\"https:\/\/www.eluniversal.com.mx\/nacion\/sheinbaum-encabeza-primera-reunion-con-gabinete-para-plan-michoacan-por-la-paz-coordinan-trabajos-para-consultas\/\" href=\"https:\/\/www.eluniversal.com.mx\/nacion\/sheinbaum-encabeza-primera-reunion-con-gabinete-para-plan-michoacan-por-la-paz-coordinan-trabajos-para-consultas\/\" target=\"_blank\" rel=\"noopener noreferrer\" data-mrf-link=\"https:\/\/www.eluniversal.com.mx\/nacion\/sheinbaum-encabeza-primera-reunion-con-gabinete-para-plan-michoacan-por-la-paz-coordinan-trabajos-para-consultas\/\"><b>Plan Michoac\u00e1n<\/b>\u00a0<b>por la Paz y la Justicia<\/b>.<\/a><\/p>\n<p class=\"sc__font-paragraph\" style=\"text-align: justify;\">Se trata de una estrategia que busca atender las causas de la\u00a0<b>violencia\u00a0<\/b>que aqueja a esa entidad y fortalecer la presencia del Estado con acciones en\u00a0<b>seguridad<\/b>,\u00a0<b>justicia<\/b>, desarrollo econ\u00f3mico y cultura.<\/p>\n<p class=\"sc__font-paragraph\" style=\"text-align: justify;\">La Mandataria indic\u00f3 que los detalles del Plan Michoac\u00e1n se presentar\u00e1n en los pr\u00f3ximos d\u00edas, y se fortalecer\u00e1 con opiniones de los<b>\u00a0pueblos originarios<\/b>,\u00a0<b>mujeres<\/b>,\u00a0<b>j\u00f3venes<\/b>,<b>\u00a0autoridades\u00a0<\/b>tradicionales, municipales y estatales,<b>\u00a0trabajadores del campo<\/b>,\u00a0<b>v\u00edctimas<\/b>\u00a0y las\u00a0<b>familias<\/b>.<\/p>\n<p class=\"sc__font-paragraph\" style=\"text-align: justify;\">Los tres ejes son Seguridad y justicia, Desarrollo econ\u00f3mico con justicia y Educaci\u00f3n y cultura.<\/p>\n<p class=\"sc__font-paragraph\" style=\"text-align: justify;\">De 2006 a la fecha, los gobiernos federales en turno han implementado planes que funcionan de manera moment\u00e1nea, pero terminan en el olvido y regresa la violencia, se\u00f1alaron especialistas en materia de seguridad.<\/p>\n<p class=\"sc__font-paragraph\" style=\"text-align: justify;\">El\u00a0<b>Congreso<\/b>\u00a0de Michoac\u00e1n tiene hoy sesi\u00f3n extraordinaria en la que se votar\u00e1 el dictamen para aprobar que\u00a0<b>Grecia Quiroz Garc\u00eda<\/b>, viuda de\u00a0<b>Carlos Manzo<\/b>, sea presidenta municipal sustituta. Se prev\u00e9 que este mismo d\u00eda tome posesi\u00f3n.<\/p>\n<p style=\"text-align: justify;\">En los \u00faltimos 19 a\u00f1os los gobiernos en turno aplicaron cuatro planes para disminuir la violencia en Michoac\u00e1n, pero ninguno dio resultado.<\/p>\n<h2 class=\"sc__header\" style=\"text-align: justify;\">Planes sin efecto<\/h2>\n<p class=\"sc__font-paragraph\" style=\"text-align: justify;\">El 11 de diciembre de 2006, en la administraci\u00f3n de\u00a0<b>Felipe Calder\u00f3n Hinojosa<\/b>\u00a0se aplic\u00f3 la\u00a0<b>Operaci\u00f3n Conjunta Michoac\u00e1n<\/b>, tambi\u00e9n conocida como\u00a0<b>El Michoacanazo<\/b>, que marc\u00f3 el inicio de la llamada\u00a0<b>guerra<\/b>\u00a0contra el\u00a0<b>narcotr\u00e1fico<\/b>.<\/p>\n<p class=\"sc__font-paragraph\" style=\"text-align: justify;\">En esa ocasi\u00f3n se efectu\u00f3 un acuerdo con el gobernador de Michoac\u00e1n,\u00a0<b>L\u00e1zaro C\u00e1rdenas Batel<\/b>, del todav\u00eda\u00a0<b>PRD<\/b>, y se efectu\u00f3 un\u00a0<b>despliegue<\/b>\u00a0de 5 mil efectivos, as\u00ed como actividades de erradicaci\u00f3n de plant\u00edos de\u00a0<b>marihuana<\/b>, se colocaron\u00a0<b>puestos de control\u00a0<\/b>para acotar el tr\u00e1fico de enervantes en carreteras y caminos secundarios, se realizaron cateos, aprehensiones y se desmantelaron puntos de venta de\u00a0<b>droga<\/b>.<\/p>\n<p class=\"sc__font-paragraph\" style=\"text-align: justify;\">El 3 de enero de 2007,\u00a0<b>Calder\u00f3n Hinojosa<\/b>\u00a0visit\u00f3\u00a0<b>Apatzing\u00e1n<\/b>\u00a0portando chamarra y gorra militar. En ese viaje resalt\u00f3 que hab\u00edan logrado detener el avance de la\u00a0<b>delincuencia<\/b>.<\/p>\n<p class=\"sc__font-paragraph\" style=\"text-align: justify;\">Destac\u00f3 que las\u00a0<b>fuerzas federales\u00a0<\/b>no estaban solas y les orden\u00f3 continuar en la batalla contra el\u00a0<b>crimen<\/b>, \u201cpara que no desfallezcamos\u201d.<\/p>\n<p class=\"sc__font-paragraph\" style=\"text-align: justify;\">El 13 de febrero de 2014, la administraci\u00f3n de\u00a0<b>Enrique Pe\u00f1a Nieto<\/b>\u00a0present\u00f3 el plan Michoac\u00e1n\u00a0<b>Juntos lo Vamos a Lograr<\/b>, que se implement\u00f3 en los municipios de\u00a0<b>Morelia<\/b>,\u00a0<b>Apatzing\u00e1n<\/b>, Uruapan y\u00a0<b>L\u00e1zaro C\u00e1rdenas<\/b>\u00a0con el fin de prevenir la violencia con acciones sociales, lograr la cohesi\u00f3n comunitaria y la reconstrucci\u00f3n del tejido social.<\/p>\n<p class=\"sc__font-paragraph\" style=\"text-align: justify;\">El 15 de enero de 2014, el entonces secretario de Gobernaci\u00f3n,\u00a0<b>Miguel \u00c1ngel Osorio Chong<\/b>, anunci\u00f3 la designaci\u00f3n de\u00a0<b>Alfredo Castillo Cervantes<\/b>\u00a0como comisionado para la Seguridad y el Desarrollo Integral en Michoac\u00e1n para promover la coordinaci\u00f3n de las autoridades locales, municipales y federales en los \u00e1mbitos pol\u00edtico, social, econ\u00f3mico y de seguridad p\u00fablica.<\/p>\n<p class=\"sc__font-paragraph\" style=\"text-align: justify;\">La designaci\u00f3n ocurri\u00f3 durante el conflicto entre las\u00a0<b>autodefensas\u00a0<\/b>y\u00a0<b>Los Caballeros Templarios<\/b>.<\/p>\n<p class=\"sc__font-paragraph\" style=\"text-align: justify;\">De 2014 a enero de 2015,<b>\u00a0Castillo<\/b>\u00a0entreg\u00f3 alrededor de 6 mil<b>\u00a0armas de fuego<\/b>\u00a0a grupos de autodefensas, algunas de las cuales terminaron en manos del crimen organizado.<\/p>\n<p class=\"sc__font-paragraph\" style=\"text-align: justify;\">El 9 de octubre de 2021, el entonces presidente\u00a0<b>Andr\u00e9s Manuel L\u00f3pez Obrador\u00a0<\/b>present\u00f3 el\u00a0<b>Plan de Apoyo<\/b>\u00a0a Michoac\u00e1n, con el reforzamiento de las Fuerzas Armadas en Morelia y Uruapan.<\/p>\n<p class=\"sc__font-paragraph\" style=\"text-align: justify;\">Al iniciar el gobierno de\u00a0<b>Claudia Sheinbaum<\/b>, como parte de su estrategia de seguridad de los primeros 100 d\u00edas, se incluy\u00f3 la atenci\u00f3n a la\u00a0<b>extorsi\u00f3n<\/b>\u00a0contra los productores de lim\u00f3n en Michoac\u00e1n.<picture class=\"story__pic block w-full justify-center flex\"><source srcset=\"https:\/\/www.eluniversal.com.mx\/resizer\/v2\/AFE3LFBOJ5HM7MP33XM4WMFKOE.jpg?auth=203c4ef53ab79f08bc6bc12f90d3eb1548aac4c880b10b50f1613176b629c19e&amp;smart=true&amp;width=340\" media=\"(max-width: 360px)\" \/><source srcset=\"https:\/\/www.eluniversal.com.mx\/resizer\/v2\/AFE3LFBOJ5HM7MP33XM4WMFKOE.jpg?auth=203c4ef53ab79f08bc6bc12f90d3eb1548aac4c880b10b50f1613176b629c19e&amp;smart=true&amp;width=482\" media=\"(max-width: 768px)\" \/><\/picture><\/p>\n<p class=\"sc__font-paragraph\" style=\"text-align: justify;\">La operaci\u00f3n\u00a0<b>Tierra Caliente<\/b>\u00a0establec\u00eda que la\u00a0<b>Guardia Nacional\u00a0<\/b>y\u00a0<b>autoridades locales<\/b>\u00a0realizaran labores de vigilancia y visitas a huertas y empacadoras de lim\u00f3n de Apatzing\u00e1n,\u00a0<b>Buenavista<\/b>\u00a0<b>Tomatl\u00e1n<\/b>,\u00a0<b>Par\u00e1cuaro<\/b>,\u00a0<b>M\u00fagica<\/b>,\u00a0<b>Tepalcatepec<\/b>\u00a0y<b>\u00a0Aguililla<\/b>\u00a0para garantizar que el proceso de producci\u00f3n, empaque, transporte y comercializaci\u00f3n del c\u00edtrico se diera sin la intervenci\u00f3n de los grupos criminales.<\/p>\n<h2 class=\"sc__header\" style=\"text-align: justify;\">Una soluci\u00f3n moment\u00e1nea<\/h2>\n<p class=\"sc__font-paragraph\" style=\"text-align: justify;\"><b>Francisco Rivas Rodr\u00edguez<\/b>, director general del\u00a0<b>Observatorio Nacional Ciudadano de Seguridad, Justicia y Legalidad<\/b>\u00a0(ONC), se\u00f1ala que los planes aplicados en Michoac\u00e1n en alg\u00fan momento tuvieron efecto.<\/p>\n<p class=\"sc__font-paragraph\" style=\"text-align: justify;\">Cuestionado sobre si estas acciones han dado resultados, el director del Observatorio comenta que la presencia de la Polic\u00eda Federal en la \u00e9poca de Calder\u00f3n Hinojosa tuvo como efecto la disminuci\u00f3n de la incidencia delictiva en la regi\u00f3n.<\/p>\n<p class=\"sc__font-paragraph\" style=\"text-align: justify;\">\u201cLuego se vuelve a disparar en la medida en que estos programas no alcanzan a consolidarse y a volverse una forma natural de llevar a cabo la pol\u00edtica; es decir, son planes emergentes. Un programa para que d\u00e9 resultados requiere tiempo.<\/p>\n<p class=\"sc__font-paragraph\" style=\"text-align: justify;\">\u201c\u00bfQu\u00e9 ocurre con Ju\u00e1rez, Chihuahua, Tijuana o Baja California? Cuando las cosas mejoran los han soltado y regresa la violencia. Eso mismo pasa con Michoac\u00e1n. Llega el gobierno de Pe\u00f1a, cambian las autodefensas por\u00a0<b>polic\u00edas comunitarias<\/b>\u00a0y poco a poco se vuelve a descomponer y se dispara la violencia\u201d, explica\u00a0<b>Rivas<\/b>.<\/p>\n<p class=\"sc__font-paragraph\" style=\"text-align: justify;\"><b>Armando Rodr\u00edguez,<\/b>\u00a0especialista en seguridad, inteligencia, prevenci\u00f3n y libertad de expresi\u00f3n, se\u00f1ala que estos programas no consideran las condiciones regionales que presenta Michoac\u00e1n.<\/p>\n<p class=\"sc__font-paragraph\" style=\"text-align: justify;\">Explica que las condiciones de desarrollo econ\u00f3mico, desarrollo social, pol\u00edtico e inseguridad son diferentes en la costa, particularmente en el puerto de L\u00e1zaro C\u00e1rdenas: \u201cHay condiciones regionales distintas que se tienen que diagnosticar adecuadamente para poder llevar a cabo acciones diferenciadas.<\/p>\n<p class=\"sc__font-paragraph\" style=\"text-align: justify;\">\u201cAhora, aqu\u00ed el tema es, \u00bfcu\u00e1les son los criterios que tendr\u00edan que determinar estas diferencias? Si se van a ir por el tema de la seguridad, entonces el criterio tendr\u00eda que ser aquellas regiones que est\u00e1n cooptadas por el crimen organizado, tanto a nivel pol\u00edtico como social\u201d, puntualiza Rivas Rodr\u00edguez.<\/p>\n<p>V\u00eda: El Universal<\/p>\n<p><img loading=\"lazy\" decoding=\"async\" class=\"alignnone size-medium wp-image-81014\" src=\"https:\/\/mediagroup.mx\/wp-content\/uploads\/2025\/11\/Captura-de-pantalla-2025-11-05-a-las-15.26.11-300x188.png\" alt=\"\" width=\"300\" height=\"188\" srcset=\"https:\/\/mediagroup.mx\/wp-content\/uploads\/2025\/11\/Captura-de-pantalla-2025-11-05-a-las-15.26.11-300x188.png 300w, https:\/\/mediagroup.mx\/wp-content\/uploads\/2025\/11\/Captura-de-pantalla-2025-11-05-a-las-15.26.11-768x481.png 768w, https:\/\/mediagroup.mx\/wp-content\/uploads\/2025\/11\/Captura-de-pantalla-2025-11-05-a-las-15.26.11-150x94.png 150w, https:\/\/mediagroup.mx\/wp-content\/uploads\/2025\/11\/Captura-de-pantalla-2025-11-05-a-las-15.26.11-696x436.png 696w, https:\/\/mediagroup.mx\/wp-content\/uploads\/2025\/11\/Captura-de-pantalla-2025-11-05-a-las-15.26.11.png 909w\" sizes=\"auto, (max-width: 300px) 100vw, 300px\" \/><\/p>\n","protected":false},"excerpt":{"rendered":"<p>La presidenta\u00a0Claudia Sheinbaum\u00a0present\u00f3 ayer el\u00a0Plan Michoac\u00e1n\u00a0por la Paz y la Justicia. Se trata de una estrategia que busca atender las causas de la\u00a0violencia\u00a0que aqueja a esa entidad y fortalecer la presencia del Estado con acciones en\u00a0seguridad,\u00a0justicia, desarrollo econ\u00f3mico y cultura. La Mandataria indic\u00f3 que los detalles del Plan Michoac\u00e1n se presentar\u00e1n en los pr\u00f3ximos d\u00edas, [&hellip;]<\/p>\n","protected":false},"author":2,"featured_media":81014,"comment_status":"closed","ping_status":"closed","sticky":false,"template":"","format":"standard","meta":{"om_disable_all_campaigns":false,"_monsterinsights_skip_tracking":false,"_monsterinsights_sitenote_active":false,"_monsterinsights_sitenote_note":"","_monsterinsights_sitenote_category":0,"_uf_show_specific_survey":0,"_uf_disable_surveys":false,"_jetpack_memberships_contains_paid_content":false,"footnotes":"","jetpack_publicize_message":"#PorSiNoLoViste Presentan nuevo plan para pacificar Michoac\u00e1n; es el cuarto en 19 a\u00f1os","jetpack_publicize_feature_enabled":true,"jetpack_social_post_already_shared":true,"jetpack_social_options":{"image_generator_settings":{"template":"highway","default_image_id":0,"enabled":false},"version":2}},"categories":[23],"tags":[],"class_list":{"0":"post-81013","1":"post","2":"type-post","3":"status-publish","4":"format-standard","5":"has-post-thumbnail","7":"category-nacional"},"aioseo_notices":[],"jetpack_publicize_connections":[],"jetpack_featured_media_url":"https:\/\/mediagroup.mx\/wp-content\/uploads\/2025\/11\/Captura-de-pantalla-2025-11-05-a-las-15.26.11.png","jetpack_sharing_enabled":true,"_links":{"self":[{"href":"https:\/\/mediagroup.mx\/index.php\/wp-json\/wp\/v2\/posts\/81013","targetHints":{"allow":["GET"]}}],"collection":[{"href":"https:\/\/mediagroup.mx\/index.php\/wp-json\/wp\/v2\/posts"}],"about":[{"href":"https:\/\/mediagroup.mx\/index.php\/wp-json\/wp\/v2\/types\/post"}],"author":[{"embeddable":true,"href":"https:\/\/mediagroup.mx\/index.php\/wp-json\/wp\/v2\/users\/2"}],"replies":[{"embeddable":true,"href":"https:\/\/mediagroup.mx\/index.php\/wp-json\/wp\/v2\/comments?post=81013"}],"version-history":[{"count":1,"href":"https:\/\/mediagroup.mx\/index.php\/wp-json\/wp\/v2\/posts\/81013\/revisions"}],"predecessor-version":[{"id":81015,"href":"https:\/\/mediagroup.mx\/index.php\/wp-json\/wp\/v2\/posts\/81013\/revisions\/81015"}],"wp:featuredmedia":[{"embeddable":true,"href":"https:\/\/mediagroup.mx\/index.php\/wp-json\/wp\/v2\/media\/81014"}],"wp:attachment":[{"href":"https:\/\/mediagroup.mx\/index.php\/wp-json\/wp\/v2\/media?parent=81013"}],"wp:term":[{"taxonomy":"category","embeddable":true,"href":"https:\/\/mediagroup.mx\/index.php\/wp-json\/wp\/v2\/categories?post=81013"},{"taxonomy":"post_tag","embeddable":true,"href":"https:\/\/mediagroup.mx\/index.php\/wp-json\/wp\/v2\/tags?post=81013"}],"curies":[{"name":"wp","href":"https:\/\/api.w.org\/{rel}","templated":true}]}}