{"id":81028,"date":"2025-11-05T15:49:33","date_gmt":"2025-11-05T21:49:33","guid":{"rendered":"https:\/\/mediagroup.mx\/?p=81028"},"modified":"2025-11-05T15:49:33","modified_gmt":"2025-11-05T21:49:33","slug":"esposa-de-carlos-manzo-es-designada-como-nueva-presidenta-municipal-de-uruapan","status":"publish","type":"post","link":"https:\/\/mediagroup.mx\/index.php\/2025\/11\/05\/esposa-de-carlos-manzo-es-designada-como-nueva-presidenta-municipal-de-uruapan\/","title":{"rendered":"Esposa de Carlos Manzo es designada como nueva presidenta municipal de Uruapan"},"content":{"rendered":"<p class=\"c-paragraph\" style=\"text-align: justify;\">El<b>\u00a0Congreso de Michoac\u00e1n<\/b>\u00a0aprob\u00f3 este mi\u00e9rcoles 5 de noviembre la\u00a0<a title=\"https:\/\/www.elfinanciero.com.mx\/estados\/2025\/11\/04\/grecia-quiroz-gobernara-uruapan-congreso-de-michoacan-votara-si-viuda-de-carlos-manzo-asume-el-cargo\/\" href=\"https:\/\/www.elfinanciero.com.mx\/estados\/2025\/11\/04\/grecia-quiroz-gobernara-uruapan-congreso-de-michoacan-votara-si-viuda-de-carlos-manzo-asume-el-cargo\/\" target=\"_blank\" rel=\"noopener noreferrer\">propuesta de que Grecia Quiroz<\/a>, viuda del\u00a0<a title=\"https:\/\/www.elfinanciero.com.mx\/estados\/2025\/11\/01\/atentado-contra-carlos-manzo-asi-fue-el-ataque-donde-murio-el-alcalde-de-uruapan\/\" href=\"https:\/\/www.elfinanciero.com.mx\/estados\/2025\/11\/01\/atentado-contra-carlos-manzo-asi-fue-el-ataque-donde-murio-el-alcalde-de-uruapan\/\" target=\"_blank\" rel=\"noopener noreferrer\">alcalde Carlos Manzo, asesinado el 1 de noviembre<\/a>\u00a0pasado en un evento p\u00fablico, sea la nueva\u00a0<b>presidenta municipal de Uruapan.<\/b><\/p>\n<p class=\"c-paragraph\" style=\"text-align: justify;\">Durante la sesi\u00f3n extraordinaria de este mi\u00e9rcoles, los legisladores aprobaron la propuesta por 38 votos a favor y cero abstenciones.<\/p>\n<p class=\"c-paragraph\" style=\"text-align: justify;\">Al grito de \u2018No est\u00e1s sola\u2019, los diputados de Michoac\u00e1n dieron luz verde para que Grecia Quiroz asuma como presidenta municipal de Uruapan.<\/p>\n<p class=\"c-paragraph\" style=\"text-align: justify;\">Quiroz ser\u00e1 presidenta municipal hasta el 2027, pues Carlos Manzo hab\u00eda sido elegido el a\u00f1o pasado.<\/p>\n<p style=\"text-align: justify;\">El llamado\u00a0<a title=\"https:\/\/www.elfinanciero.com.mx\/estados\/2025\/11\/04\/quien-gobernara-uruapan-asi-funciona-el-movimiento-del-sombrero-que-elegira-al-reemplazo-de-carlos-manzo\/\" href=\"https:\/\/www.elfinanciero.com.mx\/estados\/2025\/11\/04\/quien-gobernara-uruapan-asi-funciona-el-movimiento-del-sombrero-que-elegira-al-reemplazo-de-carlos-manzo\/\" target=\"_blank\" rel=\"noopener noreferrer\">Movimiento del Sombrero<\/a>\u00a0-que encabezaba el asesinado alcalde de Uruapan (Michoac\u00e1n),\u00a0<b>Carlos Manzo<\/b>,- propuso a la<b>\u00a0viuda del funcionario, Grecia Quiroz<\/b>, para reemplazar a su esposo en la presidencia municipal, seg\u00fan confirm\u00f3 el diputado local\u00a0<b>Carlos Bautista Tafolla.<\/b><\/p>\n<p style=\"text-align: justify;\">En entrevista, el legislador confirm\u00f3 que el Congreso de Michoac\u00e1n recibi\u00f3 el martes la\u00a0<b>propuesta para que Quiroz asuma el cargo<\/b>, la cual podr\u00eda ser aprobada este mi\u00e9rcoles.<\/p>\n<p class=\"c-paragraph\" style=\"text-align: justify;\">\u201cEsta presidencia no hay mejor persona que la pueda encabezar. Grecia es una persona que tiene las tablas, es una mujer muy fuerte y ha estado con nosotros desde un inicio (\u2026) fue una decisi\u00f3n realmente muy f\u00e1cil; muy f\u00e1cil, me refiero, porque no hubo ninguna objeci\u00f3n, todos estuvimos de acuerdo\u201d, se\u00f1al\u00f3 el pol\u00edtico.<\/p>\n<h2 class=\"b-article-body__h2\" style=\"text-align: justify;\">Sheinbaum confirma que Grecia Quiroz ser\u00e1 alcaldesa<\/h2>\n<p class=\"c-paragraph\" style=\"text-align: justify;\">La presidenta de M\u00e9xico, confirm\u00f3 este mi\u00e9rcoles que Grecia Quiroz, viuda del\u00a0<a title=\"https:\/\/www.elfinanciero.com.mx\/opinion\/raymundo-riva-palacio\/2025\/11\/03\/la-ejecucion-de-carlos-manzo\/\" href=\"https:\/\/www.elfinanciero.com.mx\/opinion\/raymundo-riva-palacio\/2025\/11\/03\/la-ejecucion-de-carlos-manzo\/\" target=\"_blank\" rel=\"noopener noreferrer\">alcalde Carlos Manzo, asesinado el 1 de noviembre pasado<\/a>\u00a0tras un evento p\u00fablico, ser\u00e1 la nueva\u00a0<b>presidenta municipal de Uruapan, Michoac\u00e1n<\/b>.<\/p>\n<p class=\"c-paragraph\" style=\"text-align: justify;\">\u201cEl d\u00eda de hoy (Quiroz) va a tomar\u00a0<b>posesi\u00f3n en el Congreso del Estado<\/b>\u00a0y acordamos seguir en comunicaci\u00f3n para apoyar al\u00a0<b>municipio de Uruapan<\/b>\u00a0en este marco general del\u00a0<a title=\"https:\/\/www.elfinanciero.com.mx\/nacional\/2025\/11\/05\/claudia-sheinbaum-presenta-plan-michoacan-por-la-paz-y-la-justicia\/\" href=\"https:\/\/www.elfinanciero.com.mx\/nacional\/2025\/11\/05\/claudia-sheinbaum-presenta-plan-michoacan-por-la-paz-y-la-justicia\/\" target=\"_blank\" rel=\"noopener noreferrer\">Plan Michoac\u00e1n por la Paz y la Justicia<\/a>\u201d, se\u00f1al\u00f3 la mandataria durante su conferencia de prensa matutina.<\/p>\n<p class=\"c-paragraph\" style=\"text-align: justify;\">La gobernante mexicana refiri\u00f3 que se reuni\u00f3 con\u00a0<b>Quiroz<\/b>, con el hermano del alcalde asesinado y sus colaboradores cercanos, a quienes expres\u00f3 su solidaridad y escuch\u00f3 sus exigencias de justicia.<\/p>\n<p class=\"c-paragraph\" style=\"text-align: justify;\">\u201cAyer tambi\u00e9n<a title=\"https:\/\/www.elfinanciero.com.mx\/nacional\/2025\/11\/04\/grecia-quiroz-se-reune-con-sheinbaum-viuda-de-alcalde-de-uruapan-llega-escoltada-a-palacio-nacional\/\" href=\"https:\/\/www.elfinanciero.com.mx\/nacional\/2025\/11\/04\/grecia-quiroz-se-reune-con-sheinbaum-viuda-de-alcalde-de-uruapan-llega-escoltada-a-palacio-nacional\/\" target=\"_blank\" rel=\"noopener noreferrer\">\u00a0recib\u00ed a la esposa de Carlos Manzo y a su hermano<\/a>\u00a0y a un equipo cercano. Platicamos, estuvo presente el\u00a0<b>secretario de Seguridad y L\u00e1zaro C\u00e1rdenas\u00a0<\/b>y platicamos, evidentemente, pues ellos con toda raz\u00f3n exigen justicia y que se llegue hasta el final de esta investigaci\u00f3n y se haga justicia del asesinato\u201d, relat\u00f3.<\/p>\n<p>V\u00eda: El Financiero<\/p>\n<p><img loading=\"lazy\" decoding=\"async\" class=\"alignnone size-medium wp-image-81029\" src=\"https:\/\/mediagroup.mx\/wp-content\/uploads\/2025\/11\/Captura-de-pantalla-2025-11-05-a-las-15.46.48-300x148.png\" alt=\"\" width=\"300\" height=\"148\" srcset=\"https:\/\/mediagroup.mx\/wp-content\/uploads\/2025\/11\/Captura-de-pantalla-2025-11-05-a-las-15.46.48-300x148.png 300w, https:\/\/mediagroup.mx\/wp-content\/uploads\/2025\/11\/Captura-de-pantalla-2025-11-05-a-las-15.46.48-150x74.png 150w, https:\/\/mediagroup.mx\/wp-content\/uploads\/2025\/11\/Captura-de-pantalla-2025-11-05-a-las-15.46.48-696x343.png 696w, https:\/\/mediagroup.mx\/wp-content\/uploads\/2025\/11\/Captura-de-pantalla-2025-11-05-a-las-15.46.48.png 755w\" sizes=\"auto, (max-width: 300px) 100vw, 300px\" \/><\/p>\n","protected":false},"excerpt":{"rendered":"<p>El\u00a0Congreso de Michoac\u00e1n\u00a0aprob\u00f3 este mi\u00e9rcoles 5 de noviembre la\u00a0propuesta de que Grecia Quiroz, viuda del\u00a0alcalde Carlos Manzo, asesinado el 1 de noviembre\u00a0pasado en un evento p\u00fablico, sea la nueva\u00a0presidenta municipal de Uruapan. Durante la sesi\u00f3n extraordinaria de este mi\u00e9rcoles, los legisladores aprobaron la propuesta por 38 votos a favor y cero abstenciones. Al grito de [&hellip;]<\/p>\n","protected":false},"author":2,"featured_media":81029,"comment_status":"closed","ping_status":"closed","sticky":false,"template":"","format":"standard","meta":{"om_disable_all_campaigns":false,"_monsterinsights_skip_tracking":false,"_monsterinsights_sitenote_active":false,"_monsterinsights_sitenote_note":"","_monsterinsights_sitenote_category":0,"_uf_show_specific_survey":0,"_uf_disable_surveys":false,"_jetpack_memberships_contains_paid_content":false,"footnotes":"","jetpack_publicize_message":"Esposa de Carlos Manzo es designada como nueva presidenta municipal de Uruapan","jetpack_publicize_feature_enabled":true,"jetpack_social_post_already_shared":true,"jetpack_social_options":{"image_generator_settings":{"template":"highway","default_image_id":0,"enabled":false},"version":2}},"categories":[15,16],"tags":[],"class_list":{"0":"post-81028","1":"post","2":"type-post","3":"status-publish","4":"format-standard","5":"has-post-thumbnail","7":"category-michoacan","8":"category-viral"},"aioseo_notices":[],"jetpack_publicize_connections":[],"jetpack_featured_media_url":"https:\/\/mediagroup.mx\/wp-content\/uploads\/2025\/11\/Captura-de-pantalla-2025-11-05-a-las-15.46.48.png","jetpack_sharing_enabled":true,"_links":{"self":[{"href":"https:\/\/mediagroup.mx\/index.php\/wp-json\/wp\/v2\/posts\/81028","targetHints":{"allow":["GET"]}}],"collection":[{"href":"https:\/\/mediagroup.mx\/index.php\/wp-json\/wp\/v2\/posts"}],"about":[{"href":"https:\/\/mediagroup.mx\/index.php\/wp-json\/wp\/v2\/types\/post"}],"author":[{"embeddable":true,"href":"https:\/\/mediagroup.mx\/index.php\/wp-json\/wp\/v2\/users\/2"}],"replies":[{"embeddable":true,"href":"https:\/\/mediagroup.mx\/index.php\/wp-json\/wp\/v2\/comments?post=81028"}],"version-history":[{"count":1,"href":"https:\/\/mediagroup.mx\/index.php\/wp-json\/wp\/v2\/posts\/81028\/revisions"}],"predecessor-version":[{"id":81030,"href":"https:\/\/mediagroup.mx\/index.php\/wp-json\/wp\/v2\/posts\/81028\/revisions\/81030"}],"wp:featuredmedia":[{"embeddable":true,"href":"https:\/\/mediagroup.mx\/index.php\/wp-json\/wp\/v2\/media\/81029"}],"wp:attachment":[{"href":"https:\/\/mediagroup.mx\/index.php\/wp-json\/wp\/v2\/media?parent=81028"}],"wp:term":[{"taxonomy":"category","embeddable":true,"href":"https:\/\/mediagroup.mx\/index.php\/wp-json\/wp\/v2\/categories?post=81028"},{"taxonomy":"post_tag","embeddable":true,"href":"https:\/\/mediagroup.mx\/index.php\/wp-json\/wp\/v2\/tags?post=81028"}],"curies":[{"name":"wp","href":"https:\/\/api.w.org\/{rel}","templated":true}]}}