{"id":81047,"date":"2025-11-05T18:02:34","date_gmt":"2025-11-06T00:02:34","guid":{"rendered":"https:\/\/mediagroup.mx\/?p=81047"},"modified":"2025-11-05T18:02:34","modified_gmt":"2025-11-06T00:02:34","slug":"respalda-fabiola-alanis-samano-a-la-alcaldesa-de-uruapan-grecia-quiroz","status":"publish","type":"post","link":"https:\/\/mediagroup.mx\/index.php\/2025\/11\/05\/respalda-fabiola-alanis-samano-a-la-alcaldesa-de-uruapan-grecia-quiroz\/","title":{"rendered":"Respalda Fabiola Alan\u00eds S\u00e1mano a la alcaldesa de Uruapan, Grecia Quiroz"},"content":{"rendered":"<p>Morelia, Michoac\u00e1n, mi\u00e9rcoles 05 de noviembre de 2025.- La presidenta de la Junta de Coordinaci\u00f3n Pol\u00edtica del Congreso de Michoac\u00e1n, Fabiola Alan\u00eds S\u00e1mano, respald\u00f3 la designaci\u00f3n de Grecia Quiroz como presidenta municipal sustituta de Uruapan.<\/p>\n<p>Alan\u00eds S\u00e1mano destac\u00f3 que Grecia es una mujer valiente que hoy asume el cargo y seguramente gobernar\u00e1 con la premisa de que el pueblo es primero.<\/p>\n<p>La diputada y presidenta de la Jucopo, asegur\u00f3 que los retos en Uruapan se deber\u00e1n de enfrentar con responsabilidad y con la colaboraci\u00f3n de estado y federaci\u00f3n en beneficio de la poblaci\u00f3n que as\u00ed lo reclama.<\/p>\n<p>La designaci\u00f3n de Grecia como alcaldesa de Uruapan fue en votaci\u00f3n un\u00e1nime donde la 76 Legislatura le brinda el respaldo para que lleve las riendas de un municipio importante como lo es Uruapan.<\/p>\n<p><img loading=\"lazy\" decoding=\"async\" class=\"alignnone size-medium wp-image-81048\" src=\"https:\/\/mediagroup.mx\/wp-content\/uploads\/2025\/11\/WhatsApp-Image-2025-11-05-at-4.54.36-PM-2-1-300x200.jpeg\" alt=\"\" width=\"300\" height=\"200\" srcset=\"https:\/\/mediagroup.mx\/wp-content\/uploads\/2025\/11\/WhatsApp-Image-2025-11-05-at-4.54.36-PM-2-1-300x200.jpeg 300w, https:\/\/mediagroup.mx\/wp-content\/uploads\/2025\/11\/WhatsApp-Image-2025-11-05-at-4.54.36-PM-2-1-1024x682.jpeg 1024w, https:\/\/mediagroup.mx\/wp-content\/uploads\/2025\/11\/WhatsApp-Image-2025-11-05-at-4.54.36-PM-2-1-768x512.jpeg 768w, https:\/\/mediagroup.mx\/wp-content\/uploads\/2025\/11\/WhatsApp-Image-2025-11-05-at-4.54.36-PM-2-1-150x100.jpeg 150w, https:\/\/mediagroup.mx\/wp-content\/uploads\/2025\/11\/WhatsApp-Image-2025-11-05-at-4.54.36-PM-2-1-696x464.jpeg 696w, https:\/\/mediagroup.mx\/wp-content\/uploads\/2025\/11\/WhatsApp-Image-2025-11-05-at-4.54.36-PM-2-1-1068x712.jpeg 1068w, https:\/\/mediagroup.mx\/wp-content\/uploads\/2025\/11\/WhatsApp-Image-2025-11-05-at-4.54.36-PM-2-1.jpeg 1280w\" sizes=\"auto, (max-width: 300px) 100vw, 300px\" \/> <img loading=\"lazy\" decoding=\"async\" class=\"alignnone size-medium wp-image-81049\" src=\"https:\/\/mediagroup.mx\/wp-content\/uploads\/2025\/11\/WhatsApp-Image-2025-11-05-at-4.54.38-PM-2-300x200.jpeg\" alt=\"\" width=\"300\" height=\"200\" srcset=\"https:\/\/mediagroup.mx\/wp-content\/uploads\/2025\/11\/WhatsApp-Image-2025-11-05-at-4.54.38-PM-2-300x200.jpeg 300w, https:\/\/mediagroup.mx\/wp-content\/uploads\/2025\/11\/WhatsApp-Image-2025-11-05-at-4.54.38-PM-2-1024x682.jpeg 1024w, https:\/\/mediagroup.mx\/wp-content\/uploads\/2025\/11\/WhatsApp-Image-2025-11-05-at-4.54.38-PM-2-768x512.jpeg 768w, https:\/\/mediagroup.mx\/wp-content\/uploads\/2025\/11\/WhatsApp-Image-2025-11-05-at-4.54.38-PM-2-150x100.jpeg 150w, https:\/\/mediagroup.mx\/wp-content\/uploads\/2025\/11\/WhatsApp-Image-2025-11-05-at-4.54.38-PM-2-696x464.jpeg 696w, https:\/\/mediagroup.mx\/wp-content\/uploads\/2025\/11\/WhatsApp-Image-2025-11-05-at-4.54.38-PM-2-1068x712.jpeg 1068w, https:\/\/mediagroup.mx\/wp-content\/uploads\/2025\/11\/WhatsApp-Image-2025-11-05-at-4.54.38-PM-2.jpeg 1280w\" sizes=\"auto, (max-width: 300px) 100vw, 300px\" \/> <img loading=\"lazy\" decoding=\"async\" class=\"alignnone size-medium wp-image-81050\" src=\"https:\/\/mediagroup.mx\/wp-content\/uploads\/2025\/11\/WhatsApp-Image-2025-11-05-at-5.52.13-PM-300x200.jpeg\" alt=\"\" width=\"300\" height=\"200\" srcset=\"https:\/\/mediagroup.mx\/wp-content\/uploads\/2025\/11\/WhatsApp-Image-2025-11-05-at-5.52.13-PM-300x200.jpeg 300w, https:\/\/mediagroup.mx\/wp-content\/uploads\/2025\/11\/WhatsApp-Image-2025-11-05-at-5.52.13-PM-1024x682.jpeg 1024w, https:\/\/mediagroup.mx\/wp-content\/uploads\/2025\/11\/WhatsApp-Image-2025-11-05-at-5.52.13-PM-768x512.jpeg 768w, https:\/\/mediagroup.mx\/wp-content\/uploads\/2025\/11\/WhatsApp-Image-2025-11-05-at-5.52.13-PM-150x100.jpeg 150w, https:\/\/mediagroup.mx\/wp-content\/uploads\/2025\/11\/WhatsApp-Image-2025-11-05-at-5.52.13-PM-696x464.jpeg 696w, https:\/\/mediagroup.mx\/wp-content\/uploads\/2025\/11\/WhatsApp-Image-2025-11-05-at-5.52.13-PM-1068x712.jpeg 1068w, https:\/\/mediagroup.mx\/wp-content\/uploads\/2025\/11\/WhatsApp-Image-2025-11-05-at-5.52.13-PM.jpeg 1280w\" sizes=\"auto, (max-width: 300px) 100vw, 300px\" \/><\/p>\n","protected":false},"excerpt":{"rendered":"<p>Morelia, Michoac\u00e1n, mi\u00e9rcoles 05 de noviembre de 2025.- La presidenta de la Junta de Coordinaci\u00f3n Pol\u00edtica del Congreso de Michoac\u00e1n, Fabiola Alan\u00eds S\u00e1mano, respald\u00f3 la designaci\u00f3n de Grecia Quiroz como presidenta municipal sustituta de Uruapan. Alan\u00eds S\u00e1mano destac\u00f3 que Grecia es una mujer valiente que hoy asume el cargo y seguramente gobernar\u00e1 con la premisa [&hellip;]<\/p>\n","protected":false},"author":2,"featured_media":81050,"comment_status":"closed","ping_status":"closed","sticky":false,"template":"","format":"standard","meta":{"om_disable_all_campaigns":false,"_monsterinsights_skip_tracking":false,"_monsterinsights_sitenote_active":false,"_monsterinsights_sitenote_note":"","_monsterinsights_sitenote_category":0,"_uf_show_specific_survey":0,"_uf_disable_surveys":false,"_jetpack_memberships_contains_paid_content":false,"footnotes":"","jetpack_publicize_message":"Respalda Fabiola Alan\u00eds S\u00e1mano a la alcaldesa de Uruapan, Grecia Quiroz","jetpack_publicize_feature_enabled":true,"jetpack_social_post_already_shared":true,"jetpack_social_options":{"image_generator_settings":{"template":"highway","default_image_id":0,"enabled":false},"version":2}},"categories":[169],"tags":[],"class_list":{"0":"post-81047","1":"post","2":"type-post","3":"status-publish","4":"format-standard","5":"has-post-thumbnail","7":"category-congreso-del-estado"},"aioseo_notices":[],"jetpack_publicize_connections":[],"jetpack_featured_media_url":"https:\/\/mediagroup.mx\/wp-content\/uploads\/2025\/11\/WhatsApp-Image-2025-11-05-at-5.52.13-PM.jpeg","jetpack_sharing_enabled":true,"_links":{"self":[{"href":"https:\/\/mediagroup.mx\/index.php\/wp-json\/wp\/v2\/posts\/81047","targetHints":{"allow":["GET"]}}],"collection":[{"href":"https:\/\/mediagroup.mx\/index.php\/wp-json\/wp\/v2\/posts"}],"about":[{"href":"https:\/\/mediagroup.mx\/index.php\/wp-json\/wp\/v2\/types\/post"}],"author":[{"embeddable":true,"href":"https:\/\/mediagroup.mx\/index.php\/wp-json\/wp\/v2\/users\/2"}],"replies":[{"embeddable":true,"href":"https:\/\/mediagroup.mx\/index.php\/wp-json\/wp\/v2\/comments?post=81047"}],"version-history":[{"count":1,"href":"https:\/\/mediagroup.mx\/index.php\/wp-json\/wp\/v2\/posts\/81047\/revisions"}],"predecessor-version":[{"id":81051,"href":"https:\/\/mediagroup.mx\/index.php\/wp-json\/wp\/v2\/posts\/81047\/revisions\/81051"}],"wp:featuredmedia":[{"embeddable":true,"href":"https:\/\/mediagroup.mx\/index.php\/wp-json\/wp\/v2\/media\/81050"}],"wp:attachment":[{"href":"https:\/\/mediagroup.mx\/index.php\/wp-json\/wp\/v2\/media?parent=81047"}],"wp:term":[{"taxonomy":"category","embeddable":true,"href":"https:\/\/mediagroup.mx\/index.php\/wp-json\/wp\/v2\/categories?post=81047"},{"taxonomy":"post_tag","embeddable":true,"href":"https:\/\/mediagroup.mx\/index.php\/wp-json\/wp\/v2\/tags?post=81047"}],"curies":[{"name":"wp","href":"https:\/\/api.w.org\/{rel}","templated":true}]}}