{"id":81058,"date":"2025-11-06T10:35:51","date_gmt":"2025-11-06T16:35:51","guid":{"rendered":"https:\/\/mediagroup.mx\/?p=81058"},"modified":"2025-11-06T10:35:51","modified_gmt":"2025-11-06T16:35:51","slug":"identifican-al-autor-material-del-asesinato-de-carlos-manzo-alcalde-de-uruapan","status":"publish","type":"post","link":"https:\/\/mediagroup.mx\/index.php\/2025\/11\/06\/identifican-al-autor-material-del-asesinato-de-carlos-manzo-alcalde-de-uruapan\/","title":{"rendered":"Identifican al autor material del asesinato de Carlos Manzo, alcalde de Uruapan"},"content":{"rendered":"<p><img loading=\"lazy\" decoding=\"async\" class=\"alignnone size-medium wp-image-81060\" src=\"https:\/\/mediagroup.mx\/wp-content\/uploads\/2025\/11\/Captura-de-pantalla-2025-11-06-a-las-10.34.12-300x183.png\" alt=\"\" width=\"300\" height=\"183\" srcset=\"https:\/\/mediagroup.mx\/wp-content\/uploads\/2025\/11\/Captura-de-pantalla-2025-11-06-a-las-10.34.12-300x183.png 300w, https:\/\/mediagroup.mx\/wp-content\/uploads\/2025\/11\/Captura-de-pantalla-2025-11-06-a-las-10.34.12-150x92.png 150w, https:\/\/mediagroup.mx\/wp-content\/uploads\/2025\/11\/Captura-de-pantalla-2025-11-06-a-las-10.34.12.png 658w\" sizes=\"auto, (max-width: 300px) 100vw, 300px\" \/><\/p>\n<p style=\"text-align: justify;\">La ma\u00f1ana de este 6 de noviembre, autoridades del estado de Michoac\u00e1n informaron avances en la investigaci\u00f3n del asesinato de Carlos Manzo, presidente municipal de Uruapan, ocurrido durante el Festival de las Velas. El ataque ocurri\u00f3 cuando el edil interactuaba con personas, incluyendo ni\u00f1os, en la explanada de la plaza, tras haber inaugurado algunas actividades del evento.<\/p>\n<p style=\"text-align: justify;\">Ahora, a cinco d\u00edas de los hechos violentos, el fiscal general de Michoac\u00e1n, Carlos Torres Pi\u00f1a, confirm\u00f3 que el autor material del homicidio fue identificado como V\u00edctor Manuel, un joven de 17 a\u00f1os, originario del municipio de Paracho.<\/p>\n<p><img loading=\"lazy\" decoding=\"async\" class=\"alignnone size-medium wp-image-81062\" src=\"https:\/\/mediagroup.mx\/wp-content\/uploads\/2025\/11\/Captura-de-pantalla-2025-11-06-a-las-10.32.49-300x188.png\" alt=\"\" width=\"300\" height=\"188\" srcset=\"https:\/\/mediagroup.mx\/wp-content\/uploads\/2025\/11\/Captura-de-pantalla-2025-11-06-a-las-10.32.49-300x188.png 300w, https:\/\/mediagroup.mx\/wp-content\/uploads\/2025\/11\/Captura-de-pantalla-2025-11-06-a-las-10.32.49-150x94.png 150w, https:\/\/mediagroup.mx\/wp-content\/uploads\/2025\/11\/Captura-de-pantalla-2025-11-06-a-las-10.32.49.png 585w\" sizes=\"auto, (max-width: 300px) 100vw, 300px\" \/><\/p>\n<p style=\"text-align: justify;\">De acuerdo con el funcionario, el cuerpo del menor ya fue identificado y reclamado por sus familiares, quienes confirmaron que el joven hab\u00eda salido de su hogar desde hace una semana. De acuerdo con las autoridades, el cuerpo dio positivo a la prueba de rodizonato de sodio, lo que confirm\u00f3 la hip\u00f3tesis de su autor\u00eda material como asesino de Carlos Manzo.<\/p>\n<figure id=\"attachment_81064\" aria-describedby=\"caption-attachment-81064\" style=\"width: 300px\" class=\"wp-caption alignnone\"><img loading=\"lazy\" decoding=\"async\" class=\"size-medium wp-image-81064\" src=\"https:\/\/mediagroup.mx\/wp-content\/uploads\/2025\/11\/577309753_4177212232518147_1562564140029992463_n-300x223.jpeg\" alt=\"\" width=\"300\" height=\"223\" srcset=\"https:\/\/mediagroup.mx\/wp-content\/uploads\/2025\/11\/577309753_4177212232518147_1562564140029992463_n-300x223.jpeg 300w, https:\/\/mediagroup.mx\/wp-content\/uploads\/2025\/11\/577309753_4177212232518147_1562564140029992463_n-768x571.jpeg 768w, https:\/\/mediagroup.mx\/wp-content\/uploads\/2025\/11\/577309753_4177212232518147_1562564140029992463_n-150x112.jpeg 150w, https:\/\/mediagroup.mx\/wp-content\/uploads\/2025\/11\/577309753_4177212232518147_1562564140029992463_n-485x360.jpeg 485w, https:\/\/mediagroup.mx\/wp-content\/uploads\/2025\/11\/577309753_4177212232518147_1562564140029992463_n-696x517.jpeg 696w, https:\/\/mediagroup.mx\/wp-content\/uploads\/2025\/11\/577309753_4177212232518147_1562564140029992463_n.jpeg 955w\" sizes=\"auto, (max-width: 300px) 100vw, 300px\" \/><figcaption id=\"caption-attachment-81064\" class=\"wp-caption-text\">Screenshot<\/figcaption><\/figure>\n<p style=\"text-align: justify;\">\u00abEs importante reiterar que los dict\u00e1menes periciales practicados al cuerpo de V\u00edctor Manuel, en particular la prueba de rodizonato de sodio result\u00f3 positiva, confirm\u00e1ndose la hip\u00f3tesis de la autor\u00eda material\u00bb, aclar\u00f3 el fiscal estatal, quien adem\u00e1s detall\u00f3 que el joven ten\u00eda un historial de adicci\u00f3n a la metanfetamina, Este reporte pericial de adicciones fue confirmado por la familia.<\/p>\n<p style=\"text-align: justify;\">La fiscal\u00eda de Michoac\u00e1n indic\u00f3 que no se trata del \u00fanico autor material, por lo que siguen en la b\u00fasqueda de al menos un c\u00f3mplice. \u00abLos avances de los actos de investigaci\u00f3n e inteligencia nos han permitido determinar que en estos hechos participaron m\u00e1s de dos personas y que el homicidio se encuentra relacionado con grupos de la delincuencia organizada\u00bb, se\u00f1al\u00f3.<\/p>\n<p style=\"text-align: justify;\">Hasta el momento, las autoridades no dieron m\u00e1s detalles sobre qu\u00e9 grupos de la delincuencia organizada son los responsables, ni aclararon los motivos del atentado contra el edil. Sin embargo, antes de su asesinato, Manzo hab\u00eda emprendido una serie de operativos de seguridad en contra de los carteles que operan en la regi\u00f3n.<\/p>\n<p style=\"text-align: justify;\">La tarde del mi\u00e9rcoles 5 de noviembre, el Congreso de Michoac\u00e1n aval\u00f3 que Grecia Quiroz, esposa de Carlos Manzo, sea quien tome el puesto de su esposo al frente de la presidencia municipal.<\/p>\n<p style=\"text-align: justify;\">\u00bfQu\u00e9 hab\u00eda hecho Carlos Manzo contra el crimen organizado?<\/p>\n<p style=\"text-align: justify;\">Desde que comenz\u00f3 su campa\u00f1a por la presidencia municipal de Uruapan, Carlos Manzo declar\u00f3 que no se iba a aliar con el crimen organizado y que su administraci\u00f3n trabajar\u00eda por recuperar la gobernabilidad y seguridad en la regi\u00f3n. Durante los meses previos a su asesinato, el alcalde llev\u00f3 a cabo operativos contra el narcotr\u00e1fico, mismos que document\u00f3 en sus redes sociales, por lo que fue amenazado por los criminales.<\/p>\n<p style=\"text-align: justify;\">Entre las acciones m\u00e1s destacadas est\u00e1 la operaci\u00f3n que termin\u00f3 en la detenci\u00f3n de Ren\u00e9 Belmonte, alias \u201cEl Rino\u201d, presunto jefe de plaza del CJNG en Uruapan.<\/p>\n<p style=\"text-align: justify;\">\u00bfQu\u00e9 es el \u00abMovimiento del Sombrero\u00bb?<\/p>\n<p style=\"text-align: justify;\">Carlos Manzo impuls\u00f3 esta corriente pol\u00edtica, con la que lleg\u00f3 a la presidencia municipal como candidato independiente. Se fundamenta en no alinearse con los partidos tradicionales, sino m\u00e1s bien como un proyecto ciudadano que busca responder a las exigencias de la gente, aludiendo a la uni\u00f3n del pueblo y a la dignidad que viene de \u00e9l.<\/p>\n<p style=\"text-align: justify;\">En ese mismo tenor, el movimiento respond\u00eda a las exigencias de seguridad de las comunidades, por lo que su l\u00ednea de acci\u00f3n ante el narcotr\u00e1fico era de \u00abmano dura\u00bb. Manzo era identificado como la figura m\u00e1s visible del movimiento, adem\u00e1s de fundador.<\/p>\n<p style=\"text-align: justify;\">V\u00eda: El Heraldo<\/p>\n<p style=\"text-align: justify;\">\n","protected":false},"excerpt":{"rendered":"<p>La ma\u00f1ana de este 6 de noviembre, autoridades del estado de Michoac\u00e1n informaron avances en la investigaci\u00f3n del asesinato de Carlos Manzo, presidente municipal de Uruapan, ocurrido durante el Festival de las Velas. El ataque ocurri\u00f3 cuando el edil interactuaba con personas, incluyendo ni\u00f1os, en la explanada de la plaza, tras haber inaugurado algunas actividades [&hellip;]<\/p>\n","protected":false},"author":2,"featured_media":81060,"comment_status":"closed","ping_status":"closed","sticky":false,"template":"","format":"standard","meta":{"om_disable_all_campaigns":false,"_monsterinsights_skip_tracking":false,"_monsterinsights_sitenote_active":false,"_monsterinsights_sitenote_note":"","_monsterinsights_sitenote_category":0,"_uf_show_specific_survey":0,"_uf_disable_surveys":false,"_jetpack_memberships_contains_paid_content":false,"footnotes":"","jetpack_publicize_message":"#\u00daltimaHora Identifican al autor material del asesinato de Carlos Manzo, alcalde de Uruapan","jetpack_publicize_feature_enabled":true,"jetpack_social_post_already_shared":true,"jetpack_social_options":{"image_generator_settings":{"template":"highway","default_image_id":0,"enabled":false},"version":2}},"categories":[15,24,16],"tags":[],"class_list":{"0":"post-81058","1":"post","2":"type-post","3":"status-publish","4":"format-standard","5":"has-post-thumbnail","7":"category-michoacan","8":"category-seguridad","9":"category-viral"},"aioseo_notices":[],"jetpack_publicize_connections":[],"jetpack_featured_media_url":"https:\/\/mediagroup.mx\/wp-content\/uploads\/2025\/11\/Captura-de-pantalla-2025-11-06-a-las-10.34.12.png","jetpack_sharing_enabled":true,"_links":{"self":[{"href":"https:\/\/mediagroup.mx\/index.php\/wp-json\/wp\/v2\/posts\/81058","targetHints":{"allow":["GET"]}}],"collection":[{"href":"https:\/\/mediagroup.mx\/index.php\/wp-json\/wp\/v2\/posts"}],"about":[{"href":"https:\/\/mediagroup.mx\/index.php\/wp-json\/wp\/v2\/types\/post"}],"author":[{"embeddable":true,"href":"https:\/\/mediagroup.mx\/index.php\/wp-json\/wp\/v2\/users\/2"}],"replies":[{"embeddable":true,"href":"https:\/\/mediagroup.mx\/index.php\/wp-json\/wp\/v2\/comments?post=81058"}],"version-history":[{"count":1,"href":"https:\/\/mediagroup.mx\/index.php\/wp-json\/wp\/v2\/posts\/81058\/revisions"}],"predecessor-version":[{"id":81066,"href":"https:\/\/mediagroup.mx\/index.php\/wp-json\/wp\/v2\/posts\/81058\/revisions\/81066"}],"wp:featuredmedia":[{"embeddable":true,"href":"https:\/\/mediagroup.mx\/index.php\/wp-json\/wp\/v2\/media\/81060"}],"wp:attachment":[{"href":"https:\/\/mediagroup.mx\/index.php\/wp-json\/wp\/v2\/media?parent=81058"}],"wp:term":[{"taxonomy":"category","embeddable":true,"href":"https:\/\/mediagroup.mx\/index.php\/wp-json\/wp\/v2\/categories?post=81058"},{"taxonomy":"post_tag","embeddable":true,"href":"https:\/\/mediagroup.mx\/index.php\/wp-json\/wp\/v2\/tags?post=81058"}],"curies":[{"name":"wp","href":"https:\/\/api.w.org\/{rel}","templated":true}]}}