{"id":81069,"date":"2025-11-06T11:57:20","date_gmt":"2025-11-06T17:57:20","guid":{"rendered":"https:\/\/mediagroup.mx\/?p=81069"},"modified":"2025-11-06T11:57:20","modified_gmt":"2025-11-06T17:57:20","slug":"fatal-accidente-en-la-autopista-siglo-xxi-hay-un-muerto-y-un-herido","status":"publish","type":"post","link":"https:\/\/mediagroup.mx\/index.php\/2025\/11\/06\/fatal-accidente-en-la-autopista-siglo-xxi-hay-un-muerto-y-un-herido\/","title":{"rendered":"Fatal accidente en la autopista Siglo XXI; hay un muerto y un herido"},"content":{"rendered":"<p>RED 113 MICHOAC\u00c1N\/Redacci\u00f3n<\/p>\n<p>Taretan, Mich.- 06 de noviembre de 2025.- La ma\u00f1ana de este jueves, un tractocami\u00f3n que transportaba una \u00abballena\u00bb de concreto, aparentemente se qued\u00f3 sin frenos, se sali\u00f3 del camino, termin\u00f3 por fuera de la vialidad con saldo fatal de una persona sin vida y otra lesionada.<\/p>\n<p>Los hechos ocurrieron a la altura del kil\u00f3metro 114 del tramo carretero Uruapan &#8211; Nueva Italia, en las inmediaciones del municipio de Taretan. Algunos automovilistas que se percataron del percance pidieron ayuda al personal de la autopista.<\/p>\n<p>Al lugar se trasladaron param\u00e9dicos de Ambulancias AMBUMED, quienes a su llegada encontraron el tractocami\u00f3n con una cabina de color blanco y remolque con la enorme barra de concreto en un desnivel por fuera de la carpeta asf\u00e1ltica.<\/p>\n<p>Fue as\u00ed que al revisar a los ocupantes del trailer, los socorristas confirmaron el deceso de un masculino y auxiliaron al sobreviviente lesionado. De ambos se ignoran sus identidades.<\/p>\n<p>Aunado a lo anterior, cerca de este sitio un motociclista derrap\u00f3 resultando herido, por lo que tambi\u00e9n fue auxiliado por los rescatistas.<\/p>\n<p>En la zona se present\u00f3 personal de la Guardia Nacional Divisi\u00f3n Seguridad en Carreteras e Instalaciones, as\u00ed como de la Fiscal\u00eda General del Estado para realizar las correspondientes diligencias.<\/p>\n<p><img loading=\"lazy\" decoding=\"async\" class=\"alignnone size-medium wp-image-81070\" src=\"https:\/\/mediagroup.mx\/wp-content\/uploads\/2025\/11\/WhatsApp-Image-2025-11-06-at-10.01.20-AM-1-212x300.jpeg\" alt=\"\" width=\"212\" height=\"300\" srcset=\"https:\/\/mediagroup.mx\/wp-content\/uploads\/2025\/11\/WhatsApp-Image-2025-11-06-at-10.01.20-AM-1-212x300.jpeg 212w, https:\/\/mediagroup.mx\/wp-content\/uploads\/2025\/11\/WhatsApp-Image-2025-11-06-at-10.01.20-AM-1-722x1024.jpeg 722w, https:\/\/mediagroup.mx\/wp-content\/uploads\/2025\/11\/WhatsApp-Image-2025-11-06-at-10.01.20-AM-1-768x1089.jpeg 768w, https:\/\/mediagroup.mx\/wp-content\/uploads\/2025\/11\/WhatsApp-Image-2025-11-06-at-10.01.20-AM-1-150x213.jpeg 150w, https:\/\/mediagroup.mx\/wp-content\/uploads\/2025\/11\/WhatsApp-Image-2025-11-06-at-10.01.20-AM-1-300x425.jpeg 300w, https:\/\/mediagroup.mx\/wp-content\/uploads\/2025\/11\/WhatsApp-Image-2025-11-06-at-10.01.20-AM-1-696x987.jpeg 696w, https:\/\/mediagroup.mx\/wp-content\/uploads\/2025\/11\/WhatsApp-Image-2025-11-06-at-10.01.20-AM-1.jpeg 900w\" sizes=\"auto, (max-width: 212px) 100vw, 212px\" \/> <img loading=\"lazy\" decoding=\"async\" class=\"alignnone size-medium wp-image-81071\" src=\"https:\/\/mediagroup.mx\/wp-content\/uploads\/2025\/11\/WhatsApp-Image-2025-11-06-at-10.01.20-AM-2-246x300.jpeg\" alt=\"\" width=\"246\" height=\"300\" srcset=\"https:\/\/mediagroup.mx\/wp-content\/uploads\/2025\/11\/WhatsApp-Image-2025-11-06-at-10.01.20-AM-2-246x300.jpeg 246w, https:\/\/mediagroup.mx\/wp-content\/uploads\/2025\/11\/WhatsApp-Image-2025-11-06-at-10.01.20-AM-2-838x1024.jpeg 838w, https:\/\/mediagroup.mx\/wp-content\/uploads\/2025\/11\/WhatsApp-Image-2025-11-06-at-10.01.20-AM-2-768x938.jpeg 768w, https:\/\/mediagroup.mx\/wp-content\/uploads\/2025\/11\/WhatsApp-Image-2025-11-06-at-10.01.20-AM-2-150x183.jpeg 150w, https:\/\/mediagroup.mx\/wp-content\/uploads\/2025\/11\/WhatsApp-Image-2025-11-06-at-10.01.20-AM-2-300x366.jpeg 300w, https:\/\/mediagroup.mx\/wp-content\/uploads\/2025\/11\/WhatsApp-Image-2025-11-06-at-10.01.20-AM-2-696x850.jpeg 696w, https:\/\/mediagroup.mx\/wp-content\/uploads\/2025\/11\/WhatsApp-Image-2025-11-06-at-10.01.20-AM-2.jpeg 1048w\" sizes=\"auto, (max-width: 246px) 100vw, 246px\" \/> <img loading=\"lazy\" decoding=\"async\" class=\"alignnone size-medium wp-image-81072\" src=\"https:\/\/mediagroup.mx\/wp-content\/uploads\/2025\/11\/WhatsApp-Image-2025-11-06-at-10.01.20-AM-300x209.jpeg\" alt=\"\" width=\"300\" height=\"209\" srcset=\"https:\/\/mediagroup.mx\/wp-content\/uploads\/2025\/11\/WhatsApp-Image-2025-11-06-at-10.01.20-AM-300x209.jpeg 300w, https:\/\/mediagroup.mx\/wp-content\/uploads\/2025\/11\/WhatsApp-Image-2025-11-06-at-10.01.20-AM-1024x714.jpeg 1024w, https:\/\/mediagroup.mx\/wp-content\/uploads\/2025\/11\/WhatsApp-Image-2025-11-06-at-10.01.20-AM-768x535.jpeg 768w, https:\/\/mediagroup.mx\/wp-content\/uploads\/2025\/11\/WhatsApp-Image-2025-11-06-at-10.01.20-AM-150x105.jpeg 150w, https:\/\/mediagroup.mx\/wp-content\/uploads\/2025\/11\/WhatsApp-Image-2025-11-06-at-10.01.20-AM-696x485.jpeg 696w, https:\/\/mediagroup.mx\/wp-content\/uploads\/2025\/11\/WhatsApp-Image-2025-11-06-at-10.01.20-AM-1068x744.jpeg 1068w, https:\/\/mediagroup.mx\/wp-content\/uploads\/2025\/11\/WhatsApp-Image-2025-11-06-at-10.01.20-AM.jpeg 1280w\" sizes=\"auto, (max-width: 300px) 100vw, 300px\" \/><\/p>\n","protected":false},"excerpt":{"rendered":"<p>RED 113 MICHOAC\u00c1N\/Redacci\u00f3n Taretan, Mich.- 06 de noviembre de 2025.- La ma\u00f1ana de este jueves, un tractocami\u00f3n que transportaba una \u00abballena\u00bb de concreto, aparentemente se qued\u00f3 sin frenos, se sali\u00f3 del camino, termin\u00f3 por fuera de la vialidad con saldo fatal de una persona sin vida y otra lesionada. Los hechos ocurrieron a la altura [&hellip;]<\/p>\n","protected":false},"author":2,"featured_media":81071,"comment_status":"closed","ping_status":"closed","sticky":false,"template":"","format":"standard","meta":{"om_disable_all_campaigns":false,"_monsterinsights_skip_tracking":false,"_monsterinsights_sitenote_active":false,"_monsterinsights_sitenote_note":"","_monsterinsights_sitenote_category":0,"_uf_show_specific_survey":0,"_uf_disable_surveys":false,"_jetpack_memberships_contains_paid_content":false,"footnotes":"","jetpack_publicize_message":"Fatal accidente en la autopista Siglo XXI; hay un muerto y un herido","jetpack_publicize_feature_enabled":true,"jetpack_social_post_already_shared":true,"jetpack_social_options":{"image_generator_settings":{"template":"highway","default_image_id":0,"enabled":false},"version":2}},"categories":[36],"tags":[],"class_list":{"0":"post-81069","1":"post","2":"type-post","3":"status-publish","4":"format-standard","5":"has-post-thumbnail","7":"category-michoacanseguridad"},"aioseo_notices":[],"jetpack_publicize_connections":[],"jetpack_featured_media_url":"https:\/\/mediagroup.mx\/wp-content\/uploads\/2025\/11\/WhatsApp-Image-2025-11-06-at-10.01.20-AM-2.jpeg","jetpack_sharing_enabled":true,"_links":{"self":[{"href":"https:\/\/mediagroup.mx\/index.php\/wp-json\/wp\/v2\/posts\/81069","targetHints":{"allow":["GET"]}}],"collection":[{"href":"https:\/\/mediagroup.mx\/index.php\/wp-json\/wp\/v2\/posts"}],"about":[{"href":"https:\/\/mediagroup.mx\/index.php\/wp-json\/wp\/v2\/types\/post"}],"author":[{"embeddable":true,"href":"https:\/\/mediagroup.mx\/index.php\/wp-json\/wp\/v2\/users\/2"}],"replies":[{"embeddable":true,"href":"https:\/\/mediagroup.mx\/index.php\/wp-json\/wp\/v2\/comments?post=81069"}],"version-history":[{"count":1,"href":"https:\/\/mediagroup.mx\/index.php\/wp-json\/wp\/v2\/posts\/81069\/revisions"}],"predecessor-version":[{"id":81073,"href":"https:\/\/mediagroup.mx\/index.php\/wp-json\/wp\/v2\/posts\/81069\/revisions\/81073"}],"wp:featuredmedia":[{"embeddable":true,"href":"https:\/\/mediagroup.mx\/index.php\/wp-json\/wp\/v2\/media\/81071"}],"wp:attachment":[{"href":"https:\/\/mediagroup.mx\/index.php\/wp-json\/wp\/v2\/media?parent=81069"}],"wp:term":[{"taxonomy":"category","embeddable":true,"href":"https:\/\/mediagroup.mx\/index.php\/wp-json\/wp\/v2\/categories?post=81069"},{"taxonomy":"post_tag","embeddable":true,"href":"https:\/\/mediagroup.mx\/index.php\/wp-json\/wp\/v2\/tags?post=81069"}],"curies":[{"name":"wp","href":"https:\/\/api.w.org\/{rel}","templated":true}]}}