{"id":81074,"date":"2025-11-06T12:00:19","date_gmt":"2025-11-06T18:00:19","guid":{"rendered":"https:\/\/mediagroup.mx\/?p=81074"},"modified":"2025-11-06T12:00:19","modified_gmt":"2025-11-06T18:00:19","slug":"identificado-homicida-de-carlos-manzo-alcalde-de-uruapan-fiscalia","status":"publish","type":"post","link":"https:\/\/mediagroup.mx\/index.php\/2025\/11\/06\/identificado-homicida-de-carlos-manzo-alcalde-de-uruapan-fiscalia\/","title":{"rendered":"Identificado homicida de Carlos Manzo, alcalde de Uruapan: Fiscal\u00eda"},"content":{"rendered":"<p>RED 113 MICHOAC\u00c1N\/Redacci\u00f3n<\/p>\n<p>Morelia, Mich.- 6 de noviembre de 2025.- A cinco d\u00edas del homicidio del presidente municipal de Uruapan, Carlos Manzo, la Fiscal\u00eda General del Estado identific\u00f3 al autor material como V\u00edctor Manuel Ubaldo Vidales, de 17 a\u00f1os de edad.<\/p>\n<p>El Fiscal Carlos Torres Pi\u00f1a inform\u00f3 que el homicida ten\u00eda 17 a\u00f1os de edad, mismo que era originario y vecino del municipio de Paracho.<\/p>\n<p>Refiri\u00f3 que de acuerdo con testimonios de su familia se hab\u00eda ausentado de su domicilio desde una semana antes del d\u00eda del atentado contra el Carlos marzo. Adem\u00e1s, con estudios periciales, se muestra que era adicto a metanfetamina.<\/p>\n<p>Aunado a lo anterior, Torres Pi\u00f1a detall\u00f3 que el arma asegurada al homicida estar\u00eda relacionada en dos hechos ocurridos el 16 y el 23 de octubre en Uruapan, eventos en los que tres personas hab\u00edan perdido la vida.<\/p>\n<p>Las investigaciones contin\u00faan de forma coordinada entre autoridades estatales y federales para lograr el pleno esclarecimiento del cobarde crimen.<\/p>\n<p><img loading=\"lazy\" decoding=\"async\" class=\"alignnone size-medium wp-image-81075\" src=\"https:\/\/mediagroup.mx\/wp-content\/uploads\/2025\/11\/WhatsApp-Image-2025-11-06-at-10.14.55-AM-1-1-300x169.jpeg\" alt=\"\" width=\"300\" height=\"169\" srcset=\"https:\/\/mediagroup.mx\/wp-content\/uploads\/2025\/11\/WhatsApp-Image-2025-11-06-at-10.14.55-AM-1-1-300x169.jpeg 300w, https:\/\/mediagroup.mx\/wp-content\/uploads\/2025\/11\/WhatsApp-Image-2025-11-06-at-10.14.55-AM-1-1-1024x575.jpeg 1024w, https:\/\/mediagroup.mx\/wp-content\/uploads\/2025\/11\/WhatsApp-Image-2025-11-06-at-10.14.55-AM-1-1-768x432.jpeg 768w, https:\/\/mediagroup.mx\/wp-content\/uploads\/2025\/11\/WhatsApp-Image-2025-11-06-at-10.14.55-AM-1-1-1536x863.jpeg 1536w, https:\/\/mediagroup.mx\/wp-content\/uploads\/2025\/11\/WhatsApp-Image-2025-11-06-at-10.14.55-AM-1-1-150x84.jpeg 150w, https:\/\/mediagroup.mx\/wp-content\/uploads\/2025\/11\/WhatsApp-Image-2025-11-06-at-10.14.55-AM-1-1-696x391.jpeg 696w, https:\/\/mediagroup.mx\/wp-content\/uploads\/2025\/11\/WhatsApp-Image-2025-11-06-at-10.14.55-AM-1-1-1068x600.jpeg 1068w, https:\/\/mediagroup.mx\/wp-content\/uploads\/2025\/11\/WhatsApp-Image-2025-11-06-at-10.14.55-AM-1-1.jpeg 1600w\" sizes=\"auto, (max-width: 300px) 100vw, 300px\" \/> <img loading=\"lazy\" decoding=\"async\" class=\"alignnone size-medium wp-image-81076\" src=\"https:\/\/mediagroup.mx\/wp-content\/uploads\/2025\/11\/WhatsApp-Image-2025-11-06-at-10.14.55-AM-300x169.jpeg\" alt=\"\" width=\"300\" height=\"169\" srcset=\"https:\/\/mediagroup.mx\/wp-content\/uploads\/2025\/11\/WhatsApp-Image-2025-11-06-at-10.14.55-AM-300x169.jpeg 300w, https:\/\/mediagroup.mx\/wp-content\/uploads\/2025\/11\/WhatsApp-Image-2025-11-06-at-10.14.55-AM-1024x575.jpeg 1024w, https:\/\/mediagroup.mx\/wp-content\/uploads\/2025\/11\/WhatsApp-Image-2025-11-06-at-10.14.55-AM-768x432.jpeg 768w, https:\/\/mediagroup.mx\/wp-content\/uploads\/2025\/11\/WhatsApp-Image-2025-11-06-at-10.14.55-AM-1536x863.jpeg 1536w, https:\/\/mediagroup.mx\/wp-content\/uploads\/2025\/11\/WhatsApp-Image-2025-11-06-at-10.14.55-AM-150x84.jpeg 150w, https:\/\/mediagroup.mx\/wp-content\/uploads\/2025\/11\/WhatsApp-Image-2025-11-06-at-10.14.55-AM-696x391.jpeg 696w, https:\/\/mediagroup.mx\/wp-content\/uploads\/2025\/11\/WhatsApp-Image-2025-11-06-at-10.14.55-AM-1068x600.jpeg 1068w, https:\/\/mediagroup.mx\/wp-content\/uploads\/2025\/11\/WhatsApp-Image-2025-11-06-at-10.14.55-AM.jpeg 1600w\" sizes=\"auto, (max-width: 300px) 100vw, 300px\" \/><\/p>\n","protected":false},"excerpt":{"rendered":"<p>RED 113 MICHOAC\u00c1N\/Redacci\u00f3n Morelia, Mich.- 6 de noviembre de 2025.- A cinco d\u00edas del homicidio del presidente municipal de Uruapan, Carlos Manzo, la Fiscal\u00eda General del Estado identific\u00f3 al autor material como V\u00edctor Manuel Ubaldo Vidales, de 17 a\u00f1os de edad. El Fiscal Carlos Torres Pi\u00f1a inform\u00f3 que el homicida ten\u00eda 17 a\u00f1os de edad, [&hellip;]<\/p>\n","protected":false},"author":2,"featured_media":81075,"comment_status":"closed","ping_status":"closed","sticky":false,"template":"","format":"standard","meta":{"om_disable_all_campaigns":false,"_monsterinsights_skip_tracking":false,"_monsterinsights_sitenote_active":false,"_monsterinsights_sitenote_note":"","_monsterinsights_sitenote_category":0,"_uf_show_specific_survey":0,"_uf_disable_surveys":false,"_jetpack_memberships_contains_paid_content":false,"footnotes":"","jetpack_publicize_message":"Identificado homicida de Carlos Manzo, alcalde de Uruapan: Fiscal\u00eda\r\n\r\n+Ten\u00eda 17 a\u00f1os y era vecino de Paracho","jetpack_publicize_feature_enabled":true,"jetpack_social_post_already_shared":true,"jetpack_social_options":{"image_generator_settings":{"template":"highway","default_image_id":0,"enabled":false},"version":2}},"categories":[28],"tags":[],"class_list":{"0":"post-81074","1":"post","2":"type-post","3":"status-publish","4":"format-standard","5":"has-post-thumbnail","7":"category-moreliaseguridad"},"aioseo_notices":[],"jetpack_publicize_connections":[],"jetpack_featured_media_url":"https:\/\/mediagroup.mx\/wp-content\/uploads\/2025\/11\/WhatsApp-Image-2025-11-06-at-10.14.55-AM-1-1.jpeg","jetpack_sharing_enabled":true,"_links":{"self":[{"href":"https:\/\/mediagroup.mx\/index.php\/wp-json\/wp\/v2\/posts\/81074","targetHints":{"allow":["GET"]}}],"collection":[{"href":"https:\/\/mediagroup.mx\/index.php\/wp-json\/wp\/v2\/posts"}],"about":[{"href":"https:\/\/mediagroup.mx\/index.php\/wp-json\/wp\/v2\/types\/post"}],"author":[{"embeddable":true,"href":"https:\/\/mediagroup.mx\/index.php\/wp-json\/wp\/v2\/users\/2"}],"replies":[{"embeddable":true,"href":"https:\/\/mediagroup.mx\/index.php\/wp-json\/wp\/v2\/comments?post=81074"}],"version-history":[{"count":1,"href":"https:\/\/mediagroup.mx\/index.php\/wp-json\/wp\/v2\/posts\/81074\/revisions"}],"predecessor-version":[{"id":81077,"href":"https:\/\/mediagroup.mx\/index.php\/wp-json\/wp\/v2\/posts\/81074\/revisions\/81077"}],"wp:featuredmedia":[{"embeddable":true,"href":"https:\/\/mediagroup.mx\/index.php\/wp-json\/wp\/v2\/media\/81075"}],"wp:attachment":[{"href":"https:\/\/mediagroup.mx\/index.php\/wp-json\/wp\/v2\/media?parent=81074"}],"wp:term":[{"taxonomy":"category","embeddable":true,"href":"https:\/\/mediagroup.mx\/index.php\/wp-json\/wp\/v2\/categories?post=81074"},{"taxonomy":"post_tag","embeddable":true,"href":"https:\/\/mediagroup.mx\/index.php\/wp-json\/wp\/v2\/tags?post=81074"}],"curies":[{"name":"wp","href":"https:\/\/api.w.org\/{rel}","templated":true}]}}