{"id":81543,"date":"2025-11-14T12:41:54","date_gmt":"2025-11-14T18:41:54","guid":{"rendered":"https:\/\/mediagroup.mx\/?p=81543"},"modified":"2025-11-14T12:41:54","modified_gmt":"2025-11-14T18:41:54","slug":"adulto-mayor-es-localizado-sin-vida-en-una-huerta-de-aguacate-en-uruapan","status":"publish","type":"post","link":"https:\/\/mediagroup.mx\/index.php\/2025\/11\/14\/adulto-mayor-es-localizado-sin-vida-en-una-huerta-de-aguacate-en-uruapan\/","title":{"rendered":"Adulto mayor es localizado sin vida en una huerta de aguacate, en Uruapan"},"content":{"rendered":"<p>RED 113 MICHOAC\u00c1N\/Redacci\u00f3n<\/p>\n<p>Uruapan, Mich.- 14 de noviembre de 2025.- El cad\u00e1ver de un adulto mayor fue localizado la ma\u00f1ana de este vienes, en una huerta de aguacate ubicada a un costado del Infonavit Rosa de Castilla, al oriente de la ciudad de Uruapan.<\/p>\n<p>Fueron familiares del susodicho quienes lo encontraron inconsciente, por lo que de inmediato notificaron a los sistemas de emergencia.<\/p>\n<p>Al lugar se movilizaron param\u00e9dicos de primera respuesta de EMAP, mismos que revisaron al adulto mayor y confirmaron la ausencia de signos vitales. Por ello, la zona fue acordonada y se solicit\u00f3 la intervenci\u00f3n del personal de la Fiscal\u00eda Regional para las actuaciones de ley.<\/p>\n<p>Trascendi\u00f3 en la labor reporteril que el cad\u00e1ver de no presentaba huellas de violencia, por lo que las causas del deceso ser\u00e1n determinadas una vez que se le practique la necropsia de ley.<\/p>\n<p><img loading=\"lazy\" decoding=\"async\" class=\"alignnone size-medium wp-image-81544\" src=\"https:\/\/mediagroup.mx\/wp-content\/uploads\/2025\/11\/WhatsApp-Image-2025-11-14-at-12.27.00-PM-300x169.jpeg\" alt=\"\" width=\"300\" height=\"169\" srcset=\"https:\/\/mediagroup.mx\/wp-content\/uploads\/2025\/11\/WhatsApp-Image-2025-11-14-at-12.27.00-PM-300x169.jpeg 300w, https:\/\/mediagroup.mx\/wp-content\/uploads\/2025\/11\/WhatsApp-Image-2025-11-14-at-12.27.00-PM-1024x576.jpeg 1024w, https:\/\/mediagroup.mx\/wp-content\/uploads\/2025\/11\/WhatsApp-Image-2025-11-14-at-12.27.00-PM-768x432.jpeg 768w, https:\/\/mediagroup.mx\/wp-content\/uploads\/2025\/11\/WhatsApp-Image-2025-11-14-at-12.27.00-PM-1536x864.jpeg 1536w, https:\/\/mediagroup.mx\/wp-content\/uploads\/2025\/11\/WhatsApp-Image-2025-11-14-at-12.27.00-PM-150x84.jpeg 150w, https:\/\/mediagroup.mx\/wp-content\/uploads\/2025\/11\/WhatsApp-Image-2025-11-14-at-12.27.00-PM-696x392.jpeg 696w, https:\/\/mediagroup.mx\/wp-content\/uploads\/2025\/11\/WhatsApp-Image-2025-11-14-at-12.27.00-PM-1068x601.jpeg 1068w, https:\/\/mediagroup.mx\/wp-content\/uploads\/2025\/11\/WhatsApp-Image-2025-11-14-at-12.27.00-PM.jpeg 1600w\" sizes=\"auto, (max-width: 300px) 100vw, 300px\" \/><\/p>\n","protected":false},"excerpt":{"rendered":"<p>RED 113 MICHOAC\u00c1N\/Redacci\u00f3n Uruapan, Mich.- 14 de noviembre de 2025.- El cad\u00e1ver de un adulto mayor fue localizado la ma\u00f1ana de este vienes, en una huerta de aguacate ubicada a un costado del Infonavit Rosa de Castilla, al oriente de la ciudad de Uruapan. Fueron familiares del susodicho quienes lo encontraron inconsciente, por lo que [&hellip;]<\/p>\n","protected":false},"author":2,"featured_media":81544,"comment_status":"closed","ping_status":"closed","sticky":false,"template":"","format":"standard","meta":{"om_disable_all_campaigns":false,"_monsterinsights_skip_tracking":false,"_monsterinsights_sitenote_active":false,"_monsterinsights_sitenote_note":"","_monsterinsights_sitenote_category":0,"_uf_show_specific_survey":0,"_uf_disable_surveys":false,"_jetpack_memberships_contains_paid_content":false,"footnotes":"","jetpack_publicize_message":"Adulto mayor es localizado sin vida en una huerta de aguacate, en Uruapan\r\n\r\n+EL finado no presentaba huellas de violencia","jetpack_publicize_feature_enabled":true,"jetpack_social_post_already_shared":true,"jetpack_social_options":{"image_generator_settings":{"template":"highway","default_image_id":0,"enabled":false},"version":2}},"categories":[36],"tags":[],"class_list":{"0":"post-81543","1":"post","2":"type-post","3":"status-publish","4":"format-standard","5":"has-post-thumbnail","7":"category-michoacanseguridad"},"aioseo_notices":[],"jetpack_publicize_connections":[],"jetpack_featured_media_url":"https:\/\/mediagroup.mx\/wp-content\/uploads\/2025\/11\/WhatsApp-Image-2025-11-14-at-12.27.00-PM.jpeg","jetpack_sharing_enabled":true,"_links":{"self":[{"href":"https:\/\/mediagroup.mx\/index.php\/wp-json\/wp\/v2\/posts\/81543","targetHints":{"allow":["GET"]}}],"collection":[{"href":"https:\/\/mediagroup.mx\/index.php\/wp-json\/wp\/v2\/posts"}],"about":[{"href":"https:\/\/mediagroup.mx\/index.php\/wp-json\/wp\/v2\/types\/post"}],"author":[{"embeddable":true,"href":"https:\/\/mediagroup.mx\/index.php\/wp-json\/wp\/v2\/users\/2"}],"replies":[{"embeddable":true,"href":"https:\/\/mediagroup.mx\/index.php\/wp-json\/wp\/v2\/comments?post=81543"}],"version-history":[{"count":1,"href":"https:\/\/mediagroup.mx\/index.php\/wp-json\/wp\/v2\/posts\/81543\/revisions"}],"predecessor-version":[{"id":81545,"href":"https:\/\/mediagroup.mx\/index.php\/wp-json\/wp\/v2\/posts\/81543\/revisions\/81545"}],"wp:featuredmedia":[{"embeddable":true,"href":"https:\/\/mediagroup.mx\/index.php\/wp-json\/wp\/v2\/media\/81544"}],"wp:attachment":[{"href":"https:\/\/mediagroup.mx\/index.php\/wp-json\/wp\/v2\/media?parent=81543"}],"wp:term":[{"taxonomy":"category","embeddable":true,"href":"https:\/\/mediagroup.mx\/index.php\/wp-json\/wp\/v2\/categories?post=81543"},{"taxonomy":"post_tag","embeddable":true,"href":"https:\/\/mediagroup.mx\/index.php\/wp-json\/wp\/v2\/tags?post=81543"}],"curies":[{"name":"wp","href":"https:\/\/api.w.org\/{rel}","templated":true}]}}