{"id":81553,"date":"2025-11-14T17:30:29","date_gmt":"2025-11-14T23:30:29","guid":{"rendered":"https:\/\/mediagroup.mx\/?p=81553"},"modified":"2025-11-14T15:03:34","modified_gmt":"2025-11-14T21:03:34","slug":"cnte-bloquea-casetas-de-acceso-a-la-cdmx-en-su-segundo-dia-de-paro-nacional","status":"publish","type":"post","link":"https:\/\/mediagroup.mx\/index.php\/2025\/11\/14\/cnte-bloquea-casetas-de-acceso-a-la-cdmx-en-su-segundo-dia-de-paro-nacional\/","title":{"rendered":"CNTE bloquea casetas de acceso a la CDMX en su segundo d\u00eda de paro nacional"},"content":{"rendered":"<p>La Coordinadora Nacional de Trabajadores de la Educaci\u00f3n (<b>CNTE<\/b>) contin\u00faa este viernes 14 de noviembre con su paro nacional de 48 horas, que incluye bloqueos y toma de casetas en distintos accesos carreteros a la Ciudad de M\u00e9xico y otros estados.<\/p>\n<p>Desde las primeras horas del d\u00eda, los contingentes comenzaron a desplazarse hacia puntos estrat\u00e9gicos para liberar el paso vehicular y presionar al Gobierno federal a atender sus demandas laborales y educativas.<\/p>\n<p>El operativo de movilizaci\u00f3n inici\u00f3 alrededor de las 06:00 horas, cuando autobuses trasladaron a los docentes desde su plant\u00f3n en el Congreso de la Uni\u00f3n hacia casetas ubicadas en las principales autopistas que conectan con la capital.<\/p>\n<p><img loading=\"lazy\" decoding=\"async\" class=\"alignnone size-medium wp-image-81554\" src=\"https:\/\/mediagroup.mx\/wp-content\/uploads\/2025\/11\/WXZYRB6J7FAQXONAT4JLQ5APZM-300x185.jpg\" alt=\"\" width=\"300\" height=\"185\" srcset=\"https:\/\/mediagroup.mx\/wp-content\/uploads\/2025\/11\/WXZYRB6J7FAQXONAT4JLQ5APZM-300x185.jpg 300w, https:\/\/mediagroup.mx\/wp-content\/uploads\/2025\/11\/WXZYRB6J7FAQXONAT4JLQ5APZM-1024x631.jpg 1024w, https:\/\/mediagroup.mx\/wp-content\/uploads\/2025\/11\/WXZYRB6J7FAQXONAT4JLQ5APZM-768x473.jpg 768w, https:\/\/mediagroup.mx\/wp-content\/uploads\/2025\/11\/WXZYRB6J7FAQXONAT4JLQ5APZM-150x92.jpg 150w, https:\/\/mediagroup.mx\/wp-content\/uploads\/2025\/11\/WXZYRB6J7FAQXONAT4JLQ5APZM-696x429.jpg 696w, https:\/\/mediagroup.mx\/wp-content\/uploads\/2025\/11\/WXZYRB6J7FAQXONAT4JLQ5APZM-1068x658.jpg 1068w, https:\/\/mediagroup.mx\/wp-content\/uploads\/2025\/11\/WXZYRB6J7FAQXONAT4JLQ5APZM.jpg 1201w\" sizes=\"auto, (max-width: 300px) 100vw, 300px\" \/><\/p>\n<h3>Casetas tomadas este viernes<\/h3>\n<p>De acuerdo con la Secretar\u00eda de Seguridad Ciudadana (SSC), los maestros se desplegaron en tres puntos principales:<\/p>\n<ul>\n<li><b>Caseta M\u00e9xico\u2013Cuernavaca<\/b>\u00a0(secciones 9, 10 y 11)<\/li>\n<li><b>Caseta M\u00e9xico\u2013Puebla<\/b>, en San Marcos (Secci\u00f3n 22)<\/li>\n<li><b>Caseta M\u00e9xico\u2013Toluca<\/b>\u00a0(secciones 7 y 14)<\/li>\n<\/ul>\n<p>En estos sitios se prev\u00e9 la liberaci\u00f3n de plumas y el paso gratuito para automovilistas durante varias horas, medida que la CNTE utiliza como forma de protesta y presi\u00f3n pol\u00edtica. En la autopista M\u00e9xico-Cuernavaca, los contingentes comenzaron a reunirse desde las primeras horas, aunque hasta el momento no han interferido con el tr\u00e1nsito.<\/p>\n<h3>Demandas del magisterio<\/h3>\n<p>La CNTE sostiene su protesta con las siguientes exigencias:<\/p>\n<ul>\n<li><a href=\"https:\/\/www.eleconomista.com.mx\/economia\/reforma-issste-2007-maestros-cnte-exigen-abrogar-20250320-751336.html\">Derogaci\u00f3n de la Ley del ISSSTE de 2007<\/a>\u00a0y de la Reforma Educativa de 2019.<\/li>\n<li>Mayor presupuesto para educaci\u00f3n, salud y seguridad social, en el marco de la discusi\u00f3n del Presupuesto 2026.<\/li>\n<li>Reinstalaci\u00f3n de mesas tripartitas de di\u00e1logo.<\/li>\n<li>Mejoras en las condiciones de escuelas en zonas rurales.<\/li>\n<\/ul>\n<div class=\"c-detail__group\"><\/div>\n<p>Ante la falta de acuerdos, el magisterio mantiene la consigna: \u201cSi no hay soluci\u00f3n, no rodar\u00e1 su bal\u00f3n\u201d, en referencia a su amenaza de boicotear actividades del Mundial de Futbol 2026.<\/p>\n<h3>Plant\u00f3n en San L\u00e1zaro mantiene cerrado el Congreso<\/h3>\n<p>Mientras parte de los contingentes se movilizan hacia las casetas, otro permanece en el\u00a0<b>plant\u00f3n frente a la C\u00e1mara de Diputados<\/b>, lo que ha provocado el cierre total del Congreso de la Uni\u00f3n.<\/p>\n<p>El presidente de la Junta de Coordinaci\u00f3n Pol\u00edtica,\u00a0<b>Ricardo Monreal<\/b>, confirm\u00f3 que la suspensi\u00f3n de actividades legislativas es deliberada para evitar confrontaciones. Asegur\u00f3 que no se prev\u00e9 sesionar en sede alterna y confi\u00f3 en que las protestas concluir\u00e1n este viernes.<\/p>\n<p>Las alternativas viales recomendadas para automovilistas en esta zona son Viaducto y Eduardo Molina.<\/p>\n<p>V\u00eda: El Economista<\/p>\n","protected":false},"excerpt":{"rendered":"<p>La Coordinadora Nacional de Trabajadores de la Educaci\u00f3n (CNTE) contin\u00faa este viernes 14 de noviembre con su paro nacional de 48 horas, que incluye bloqueos y toma de casetas en distintos accesos carreteros a la Ciudad de M\u00e9xico y otros estados. Desde las primeras horas del d\u00eda, los contingentes comenzaron a desplazarse hacia puntos estrat\u00e9gicos [&hellip;]<\/p>\n","protected":false},"author":2,"featured_media":81554,"comment_status":"closed","ping_status":"closed","sticky":false,"template":"","format":"standard","meta":{"om_disable_all_campaigns":false,"_monsterinsights_skip_tracking":false,"_monsterinsights_sitenote_active":false,"_monsterinsights_sitenote_note":"","_monsterinsights_sitenote_category":0,"_uf_show_specific_survey":0,"_uf_disable_surveys":false,"_jetpack_memberships_contains_paid_content":false,"footnotes":"","jetpack_publicize_message":"CNTE bloquea casetas de acceso a la CDMX en su segundo d\u00eda de paro nacional","jetpack_publicize_feature_enabled":true,"jetpack_social_post_already_shared":true,"jetpack_social_options":{"image_generator_settings":{"template":"highway","default_image_id":0,"enabled":false},"version":2}},"categories":[23],"tags":[],"class_list":{"0":"post-81553","1":"post","2":"type-post","3":"status-publish","4":"format-standard","5":"has-post-thumbnail","7":"category-nacional"},"aioseo_notices":[],"jetpack_publicize_connections":[],"jetpack_featured_media_url":"https:\/\/mediagroup.mx\/wp-content\/uploads\/2025\/11\/WXZYRB6J7FAQXONAT4JLQ5APZM.jpg","jetpack_sharing_enabled":true,"_links":{"self":[{"href":"https:\/\/mediagroup.mx\/index.php\/wp-json\/wp\/v2\/posts\/81553","targetHints":{"allow":["GET"]}}],"collection":[{"href":"https:\/\/mediagroup.mx\/index.php\/wp-json\/wp\/v2\/posts"}],"about":[{"href":"https:\/\/mediagroup.mx\/index.php\/wp-json\/wp\/v2\/types\/post"}],"author":[{"embeddable":true,"href":"https:\/\/mediagroup.mx\/index.php\/wp-json\/wp\/v2\/users\/2"}],"replies":[{"embeddable":true,"href":"https:\/\/mediagroup.mx\/index.php\/wp-json\/wp\/v2\/comments?post=81553"}],"version-history":[{"count":1,"href":"https:\/\/mediagroup.mx\/index.php\/wp-json\/wp\/v2\/posts\/81553\/revisions"}],"predecessor-version":[{"id":81555,"href":"https:\/\/mediagroup.mx\/index.php\/wp-json\/wp\/v2\/posts\/81553\/revisions\/81555"}],"wp:featuredmedia":[{"embeddable":true,"href":"https:\/\/mediagroup.mx\/index.php\/wp-json\/wp\/v2\/media\/81554"}],"wp:attachment":[{"href":"https:\/\/mediagroup.mx\/index.php\/wp-json\/wp\/v2\/media?parent=81553"}],"wp:term":[{"taxonomy":"category","embeddable":true,"href":"https:\/\/mediagroup.mx\/index.php\/wp-json\/wp\/v2\/categories?post=81553"},{"taxonomy":"post_tag","embeddable":true,"href":"https:\/\/mediagroup.mx\/index.php\/wp-json\/wp\/v2\/tags?post=81553"}],"curies":[{"name":"wp","href":"https:\/\/api.w.org\/{rel}","templated":true}]}}