{"id":81568,"date":"2025-11-14T16:09:25","date_gmt":"2025-11-14T22:09:25","guid":{"rendered":"https:\/\/mediagroup.mx\/?p=81568"},"modified":"2025-11-14T16:09:25","modified_gmt":"2025-11-14T22:09:25","slug":"en-michoacan-en-distintas-acciones-se-detuvo-a-cinco-personas-se-aseguraron-armas-de-fuego-y-droga","status":"publish","type":"post","link":"https:\/\/mediagroup.mx\/index.php\/2025\/11\/14\/en-michoacan-en-distintas-acciones-se-detuvo-a-cinco-personas-se-aseguraron-armas-de-fuego-y-droga\/","title":{"rendered":"EN MICHOAC\u00c1N, EN DISTINTAS ACCIONES SE DETUVO A CINCO PERSONAS, SE ASEGURARON ARMAS DE FUEGO Y DROGA"},"content":{"rendered":"<p>Con el fin de fortalecer las acciones del \u201cPlan Michoac\u00e1n por la Paz y la Justicia\u201d, en diferentes eventos, elementos de la Secretar\u00eda de la Defensa Nacional (Defensa) y Guardia Nacional (GN), en coordinaci\u00f3n con la Secretar\u00eda de Marina (Semar), Fiscal\u00eda General de la Rep\u00fablica (FGR) y Secretar\u00eda de Seguridad y Protecci\u00f3n Ciudadana (SSPC), junto con Secretar\u00eda de Seguridad P\u00fablica (SSP) y la Fiscal\u00eda General del Estado (FGE), ambas de la entidad, se detuvo a cinco personas y se aseguraron armas de fuego y drogas en tres municipios.<\/p>\n<p>Mediante acciones de vigilancia para preservar el orden y la paz p\u00fablica en beneficio de la sociedad michoacana, en el municipio de Zamora, los agentes de seguridad detuvieron a tres personas, les aseguraron cinco kilos de cristal, 10 kilos de marihuana, dos armas largas, un cargador y tres veh\u00edculos.<\/p>\n<p>En tanto, en el municipio de Apatzing\u00e1n, se aseguraron cuatro armas largas, 10 cargadores, 220 cartuchos y un veh\u00edculo.<\/p>\n<p>Asimismo, al realizar acciones de seguridad y vigilancia en el municipio de Morelia, aseguraron cinco kilos de marihuana, dos equipos de c\u00f3mputo, nueve tel\u00e9fonos celulares, una prensa hidr\u00e1ulica, una b\u00e1scula gramera y una m\u00e1quina selladora.<\/p>\n<p>A las personas detenidas se les leyeron sus derechos de ley y junto con lo asegurado, fueron puestas a disposici\u00f3n del agente del Ministerio P\u00fablico correspondiente quien determinar\u00e1 su situaci\u00f3n jur\u00eddica.<\/p>\n<p>Con estas acciones, las instituciones del Gabinete de Seguridad refrendan su compromiso con la poblaci\u00f3n de Michoac\u00e1n, para el fortalecimiento de la seguridad en el estado.<\/p>\n<p><img loading=\"lazy\" decoding=\"async\" class=\"alignnone size-medium wp-image-81569\" src=\"https:\/\/mediagroup.mx\/wp-content\/uploads\/2025\/11\/WhatsApp-Image-2025-11-14-at-3.31.32-PM-2-300x180.jpeg\" alt=\"\" width=\"300\" height=\"180\" srcset=\"https:\/\/mediagroup.mx\/wp-content\/uploads\/2025\/11\/WhatsApp-Image-2025-11-14-at-3.31.32-PM-2-300x180.jpeg 300w, https:\/\/mediagroup.mx\/wp-content\/uploads\/2025\/11\/WhatsApp-Image-2025-11-14-at-3.31.32-PM-2-150x90.jpeg 150w, https:\/\/mediagroup.mx\/wp-content\/uploads\/2025\/11\/WhatsApp-Image-2025-11-14-at-3.31.32-PM-2.jpeg 655w\" sizes=\"auto, (max-width: 300px) 100vw, 300px\" \/> <img loading=\"lazy\" decoding=\"async\" class=\"alignnone size-medium wp-image-81570\" src=\"https:\/\/mediagroup.mx\/wp-content\/uploads\/2025\/11\/WhatsApp-Image-2025-11-14-at-3.31.32-PM-3-300x219.jpeg\" alt=\"\" width=\"300\" height=\"219\" srcset=\"https:\/\/mediagroup.mx\/wp-content\/uploads\/2025\/11\/WhatsApp-Image-2025-11-14-at-3.31.32-PM-3-300x219.jpeg 300w, https:\/\/mediagroup.mx\/wp-content\/uploads\/2025\/11\/WhatsApp-Image-2025-11-14-at-3.31.32-PM-3-1024x747.jpeg 1024w, https:\/\/mediagroup.mx\/wp-content\/uploads\/2025\/11\/WhatsApp-Image-2025-11-14-at-3.31.32-PM-3-768x560.jpeg 768w, https:\/\/mediagroup.mx\/wp-content\/uploads\/2025\/11\/WhatsApp-Image-2025-11-14-at-3.31.32-PM-3-150x109.jpeg 150w, https:\/\/mediagroup.mx\/wp-content\/uploads\/2025\/11\/WhatsApp-Image-2025-11-14-at-3.31.32-PM-3-696x508.jpeg 696w, https:\/\/mediagroup.mx\/wp-content\/uploads\/2025\/11\/WhatsApp-Image-2025-11-14-at-3.31.32-PM-3-1068x779.jpeg 1068w, https:\/\/mediagroup.mx\/wp-content\/uploads\/2025\/11\/WhatsApp-Image-2025-11-14-at-3.31.32-PM-3.jpeg 1280w\" sizes=\"auto, (max-width: 300px) 100vw, 300px\" \/> <img loading=\"lazy\" decoding=\"async\" class=\"alignnone size-medium wp-image-81571\" src=\"https:\/\/mediagroup.mx\/wp-content\/uploads\/2025\/11\/WhatsApp-Image-2025-11-14-at-3.31.32-PM-300x225.jpeg\" alt=\"\" width=\"300\" height=\"225\" srcset=\"https:\/\/mediagroup.mx\/wp-content\/uploads\/2025\/11\/WhatsApp-Image-2025-11-14-at-3.31.32-PM-300x225.jpeg 300w, https:\/\/mediagroup.mx\/wp-content\/uploads\/2025\/11\/WhatsApp-Image-2025-11-14-at-3.31.32-PM-1024x768.jpeg 1024w, https:\/\/mediagroup.mx\/wp-content\/uploads\/2025\/11\/WhatsApp-Image-2025-11-14-at-3.31.32-PM-768x576.jpeg 768w, https:\/\/mediagroup.mx\/wp-content\/uploads\/2025\/11\/WhatsApp-Image-2025-11-14-at-3.31.32-PM-150x113.jpeg 150w, https:\/\/mediagroup.mx\/wp-content\/uploads\/2025\/11\/WhatsApp-Image-2025-11-14-at-3.31.32-PM-696x522.jpeg 696w, https:\/\/mediagroup.mx\/wp-content\/uploads\/2025\/11\/WhatsApp-Image-2025-11-14-at-3.31.32-PM-1068x801.jpeg 1068w, https:\/\/mediagroup.mx\/wp-content\/uploads\/2025\/11\/WhatsApp-Image-2025-11-14-at-3.31.32-PM.jpeg 1280w\" sizes=\"auto, (max-width: 300px) 100vw, 300px\" \/><\/p>\n","protected":false},"excerpt":{"rendered":"<p>Con el fin de fortalecer las acciones del \u201cPlan Michoac\u00e1n por la Paz y la Justicia\u201d, en diferentes eventos, elementos de la Secretar\u00eda de la Defensa Nacional (Defensa) y Guardia Nacional (GN), en coordinaci\u00f3n con la Secretar\u00eda de Marina (Semar), Fiscal\u00eda General de la Rep\u00fablica (FGR) y Secretar\u00eda de Seguridad y Protecci\u00f3n Ciudadana (SSPC), junto [&hellip;]<\/p>\n","protected":false},"author":2,"featured_media":81570,"comment_status":"closed","ping_status":"closed","sticky":false,"template":"","format":"standard","meta":{"om_disable_all_campaigns":false,"_monsterinsights_skip_tracking":false,"_monsterinsights_sitenote_active":false,"_monsterinsights_sitenote_note":"","_monsterinsights_sitenote_category":0,"_uf_show_specific_survey":0,"_uf_disable_surveys":false,"_jetpack_memberships_contains_paid_content":false,"footnotes":"","jetpack_publicize_message":"EN MICHOAC\u00c1N, EN DISTINTAS ACCIONES SE DETUVO A CINCO PERSONAS, SE ASEGURARON ARMAS DE FUEGO Y DROGA\r\n\r\n\u2022 En las acciones participaron elementos de Defensa, GN, junto con Semar, FGR y SSPC y autoridades locales\r\n\u2022 Las detenciones y aseguramientos se realizaron en los municipios de Zamora, Apatzing\u00e1n y Morelia","jetpack_publicize_feature_enabled":true,"jetpack_social_post_already_shared":true,"jetpack_social_options":{"image_generator_settings":{"template":"highway","default_image_id":0,"enabled":false},"version":2}},"categories":[36],"tags":[],"class_list":{"0":"post-81568","1":"post","2":"type-post","3":"status-publish","4":"format-standard","5":"has-post-thumbnail","7":"category-michoacanseguridad"},"aioseo_notices":[],"jetpack_publicize_connections":[],"jetpack_featured_media_url":"https:\/\/mediagroup.mx\/wp-content\/uploads\/2025\/11\/WhatsApp-Image-2025-11-14-at-3.31.32-PM-3.jpeg","jetpack_sharing_enabled":true,"_links":{"self":[{"href":"https:\/\/mediagroup.mx\/index.php\/wp-json\/wp\/v2\/posts\/81568","targetHints":{"allow":["GET"]}}],"collection":[{"href":"https:\/\/mediagroup.mx\/index.php\/wp-json\/wp\/v2\/posts"}],"about":[{"href":"https:\/\/mediagroup.mx\/index.php\/wp-json\/wp\/v2\/types\/post"}],"author":[{"embeddable":true,"href":"https:\/\/mediagroup.mx\/index.php\/wp-json\/wp\/v2\/users\/2"}],"replies":[{"embeddable":true,"href":"https:\/\/mediagroup.mx\/index.php\/wp-json\/wp\/v2\/comments?post=81568"}],"version-history":[{"count":1,"href":"https:\/\/mediagroup.mx\/index.php\/wp-json\/wp\/v2\/posts\/81568\/revisions"}],"predecessor-version":[{"id":81572,"href":"https:\/\/mediagroup.mx\/index.php\/wp-json\/wp\/v2\/posts\/81568\/revisions\/81572"}],"wp:featuredmedia":[{"embeddable":true,"href":"https:\/\/mediagroup.mx\/index.php\/wp-json\/wp\/v2\/media\/81570"}],"wp:attachment":[{"href":"https:\/\/mediagroup.mx\/index.php\/wp-json\/wp\/v2\/media?parent=81568"}],"wp:term":[{"taxonomy":"category","embeddable":true,"href":"https:\/\/mediagroup.mx\/index.php\/wp-json\/wp\/v2\/categories?post=81568"},{"taxonomy":"post_tag","embeddable":true,"href":"https:\/\/mediagroup.mx\/index.php\/wp-json\/wp\/v2\/tags?post=81568"}],"curies":[{"name":"wp","href":"https:\/\/api.w.org\/{rel}","templated":true}]}}