{"id":81582,"date":"2025-11-14T17:24:03","date_gmt":"2025-11-14T23:24:03","guid":{"rendered":"https:\/\/mediagroup.mx\/?p=81582"},"modified":"2025-11-14T17:24:03","modified_gmt":"2025-11-14T23:24:03","slug":"emiten-primera-resolucion-para-combatir-practicas-irregulares-en-el-poder-judicial-inhabilitan-a-notificadora","status":"publish","type":"post","link":"https:\/\/mediagroup.mx\/index.php\/2025\/11\/14\/emiten-primera-resolucion-para-combatir-practicas-irregulares-en-el-poder-judicial-inhabilitan-a-notificadora\/","title":{"rendered":"Emiten primera resoluci\u00f3n para combatir pr\u00e1cticas irregulares en el Poder Judicial; inhabilitan a notificadora"},"content":{"rendered":"<p>RED 113 MICHOAC\u00c1N\/Redacci\u00f3n<\/p>\n<p>Morelia, Mich.- 14 de noviembre de 2025 .\u2013 En un hecho que marca un precedente en el combate a pr\u00e1cticas fuera de la norma dentro del Poder Judicial, en la ponencia del magistrado del Tribunal de Disciplina Judicial, Luis Felipe Quintero Valois, se emiti\u00f3 esta semana una resoluci\u00f3n en la que se sanciona a una notificadora del Sistema de Justicia Penal, Acusatorio y Oral de la regi\u00f3n Morelia, por incurrir en una falta administrativa grave.<\/p>\n<p>De acuerdo con la sentencia avalada por el Tribunal de Disciplina Judicial, se acredit\u00f3 que la servidora p\u00fablica Lesli N. notific\u00f3 personalmente, el 25 de noviembre de 2024, una resoluci\u00f3n judicial a un imputado que hab\u00eda fallecido cuatro d\u00edas antes, el 21 de noviembre, dentro del Centro de Alta Seguridad para Delitos de Alto Impacto n\u00famero 1. El hecho fue considerado como una muestra evidente de \u201cnotoria ineptitud o descuido en el desempe\u00f1o de las funciones\u201d, prevista en el art\u00edculo 165, fracci\u00f3n VII, de la Ley Org\u00e1nica del Poder Judicial del Estado.<\/p>\n<p>Durante el proceso, la trabajadora argument\u00f3 que actu\u00f3 de buena fe y sin dolo, asegurando que desconoc\u00eda el fallecimiento del destinatario de la notificaci\u00f3n.<\/p>\n<p>Incluso afirm\u00f3 que una persona privada de la libertad se hizo pasar por el difunto al momento de la diligencia, lo que \u2014dijo\u2014 la llev\u00f3 a considerar que la notificaci\u00f3n se realizaba correctamente. Sin embargo, la autoridad disciplinaria determin\u00f3 que estos se\u00f1alamientos no desvirtuaban la responsabilidad derivada de la falta de verificaci\u00f3n y cuidado que exige su funci\u00f3n.<\/p>\n<p>En consecuencia, el Tribunal de Disciplina Judicial resolvi\u00f3 inhabilitar a Lesli N. por seis meses para ocupar empleos, cargos o comisiones dentro del servicio p\u00fablico, as\u00ed como para participar en procedimientos de adquisiciones, arrendamientos, servicios u obras p\u00fablicas. La resoluci\u00f3n subraya que la servidora p\u00fablica no observ\u00f3 los principios de disciplina, legalidad, profesionalismo, honradez y lealtad que rigen la administraci\u00f3n de justicia.<\/p>\n<p><img loading=\"lazy\" decoding=\"async\" class=\"alignnone size-medium wp-image-81583\" src=\"https:\/\/mediagroup.mx\/wp-content\/uploads\/2025\/11\/WhatsApp-Image-2025-11-14-at-5.19.46-PM-300x200.jpeg\" alt=\"\" width=\"300\" height=\"200\" srcset=\"https:\/\/mediagroup.mx\/wp-content\/uploads\/2025\/11\/WhatsApp-Image-2025-11-14-at-5.19.46-PM-300x200.jpeg 300w, https:\/\/mediagroup.mx\/wp-content\/uploads\/2025\/11\/WhatsApp-Image-2025-11-14-at-5.19.46-PM-1024x682.jpeg 1024w, https:\/\/mediagroup.mx\/wp-content\/uploads\/2025\/11\/WhatsApp-Image-2025-11-14-at-5.19.46-PM-768x512.jpeg 768w, https:\/\/mediagroup.mx\/wp-content\/uploads\/2025\/11\/WhatsApp-Image-2025-11-14-at-5.19.46-PM-1536x1023.jpeg 1536w, https:\/\/mediagroup.mx\/wp-content\/uploads\/2025\/11\/WhatsApp-Image-2025-11-14-at-5.19.46-PM-150x100.jpeg 150w, https:\/\/mediagroup.mx\/wp-content\/uploads\/2025\/11\/WhatsApp-Image-2025-11-14-at-5.19.46-PM-696x464.jpeg 696w, https:\/\/mediagroup.mx\/wp-content\/uploads\/2025\/11\/WhatsApp-Image-2025-11-14-at-5.19.46-PM-1068x712.jpeg 1068w, https:\/\/mediagroup.mx\/wp-content\/uploads\/2025\/11\/WhatsApp-Image-2025-11-14-at-5.19.46-PM.jpeg 1600w\" sizes=\"auto, (max-width: 300px) 100vw, 300px\" \/><\/p>\n","protected":false},"excerpt":{"rendered":"<p>RED 113 MICHOAC\u00c1N\/Redacci\u00f3n Morelia, Mich.- 14 de noviembre de 2025 .\u2013 En un hecho que marca un precedente en el combate a pr\u00e1cticas fuera de la norma dentro del Poder Judicial, en la ponencia del magistrado del Tribunal de Disciplina Judicial, Luis Felipe Quintero Valois, se emiti\u00f3 esta semana una resoluci\u00f3n en la que se [&hellip;]<\/p>\n","protected":false},"author":2,"featured_media":81583,"comment_status":"closed","ping_status":"closed","sticky":false,"template":"","format":"standard","meta":{"om_disable_all_campaigns":false,"_monsterinsights_skip_tracking":false,"_monsterinsights_sitenote_active":false,"_monsterinsights_sitenote_note":"","_monsterinsights_sitenote_category":0,"_uf_show_specific_survey":0,"_uf_disable_surveys":false,"_jetpack_memberships_contains_paid_content":false,"footnotes":"","jetpack_publicize_message":"Emiten primera resoluci\u00f3n para combatir pr\u00e1cticas irregulares en el Poder Judicial; inhabilitan a notificadora\r\n\r\n+Se comprob\u00f3 que una funcionaria p\u00fablica hab\u00eda asentado una notificaci\u00f3n a una personas que hab\u00eda fallecido d\u00edas antes","jetpack_publicize_feature_enabled":true,"jetpack_social_post_already_shared":true,"jetpack_social_options":{"image_generator_settings":{"template":"highway","default_image_id":0,"enabled":false},"version":2}},"categories":[28],"tags":[],"class_list":{"0":"post-81582","1":"post","2":"type-post","3":"status-publish","4":"format-standard","5":"has-post-thumbnail","7":"category-moreliaseguridad"},"aioseo_notices":[],"jetpack_publicize_connections":[],"jetpack_featured_media_url":"https:\/\/mediagroup.mx\/wp-content\/uploads\/2025\/11\/WhatsApp-Image-2025-11-14-at-5.19.46-PM.jpeg","jetpack_sharing_enabled":true,"_links":{"self":[{"href":"https:\/\/mediagroup.mx\/index.php\/wp-json\/wp\/v2\/posts\/81582","targetHints":{"allow":["GET"]}}],"collection":[{"href":"https:\/\/mediagroup.mx\/index.php\/wp-json\/wp\/v2\/posts"}],"about":[{"href":"https:\/\/mediagroup.mx\/index.php\/wp-json\/wp\/v2\/types\/post"}],"author":[{"embeddable":true,"href":"https:\/\/mediagroup.mx\/index.php\/wp-json\/wp\/v2\/users\/2"}],"replies":[{"embeddable":true,"href":"https:\/\/mediagroup.mx\/index.php\/wp-json\/wp\/v2\/comments?post=81582"}],"version-history":[{"count":1,"href":"https:\/\/mediagroup.mx\/index.php\/wp-json\/wp\/v2\/posts\/81582\/revisions"}],"predecessor-version":[{"id":81584,"href":"https:\/\/mediagroup.mx\/index.php\/wp-json\/wp\/v2\/posts\/81582\/revisions\/81584"}],"wp:featuredmedia":[{"embeddable":true,"href":"https:\/\/mediagroup.mx\/index.php\/wp-json\/wp\/v2\/media\/81583"}],"wp:attachment":[{"href":"https:\/\/mediagroup.mx\/index.php\/wp-json\/wp\/v2\/media?parent=81582"}],"wp:term":[{"taxonomy":"category","embeddable":true,"href":"https:\/\/mediagroup.mx\/index.php\/wp-json\/wp\/v2\/categories?post=81582"},{"taxonomy":"post_tag","embeddable":true,"href":"https:\/\/mediagroup.mx\/index.php\/wp-json\/wp\/v2\/tags?post=81582"}],"curies":[{"name":"wp","href":"https:\/\/api.w.org\/{rel}","templated":true}]}}