{"id":85655,"date":"2026-01-16T17:09:55","date_gmt":"2026-01-16T23:09:55","guid":{"rendered":"https:\/\/mediagroup.mx\/?p=85655"},"modified":"2026-01-16T17:09:55","modified_gmt":"2026-01-16T23:09:55","slug":"llegara-nuevo-hospital-del-imss-a-morelia-parte-del-plan-michoacan-giulianna-bugarini","status":"publish","type":"post","link":"https:\/\/mediagroup.mx\/index.php\/2026\/01\/16\/llegara-nuevo-hospital-del-imss-a-morelia-parte-del-plan-michoacan-giulianna-bugarini\/","title":{"rendered":"Llegar\u00e1 nuevo Hospital del IMSS a Morelia, parte del Plan Michoac\u00e1n: Giulianna Bugarini"},"content":{"rendered":"<p>Morelia, Michoac\u00e1n, a 16 de enero de 2026.- \u201cHoy es un d\u00eda muy importante para las familias de Villas del Pedregal, porque muy pronto llegar\u00e1 un hospital que por a\u00f1os fue una demanda justa de la gente, gracias a la visi\u00f3n y el compromiso social de la presidenta de M\u00e9xico, Claudia Sheinbaum, y al trabajo coordinado con el Gobierno de Michoac\u00e1n\u201d, expres\u00f3 la diputada local y presidenta del Congreso del Estado, Giulianna Bugarini, durante la toma de protesta del Comit\u00e9 Ciudadano para la Construcci\u00f3n del Hospital General Regional del IMSS.<\/p>\n<p>Giulianna Bugarini destac\u00f3 que este proyecto representa un acto de justicia social para miles de familias del poniente de Morelia. \u201cEste hospital refleja el cari\u00f1o y el compromiso con la gente. Es una obra que va a transformar la realidad social de esta zona y que demuestra que el Plan Michoac\u00e1n est\u00e1 dando resultados reales\u201d, afirm\u00f3.<\/p>\n<p>La legisladora subray\u00f3 que el Plan Michoac\u00e1n por la Paz y la Justicia no se limita a acciones de seguridad, sino que tiene como eje central el desarrollo social y el bienestar de las comunidades. \u201cLa paz tambi\u00e9n se construye con hospitales, con servicios, con oportunidades y con obras que dignifican la vida de la gente. Atender las causas es transformar de fondo\u201d, sostuvo.<\/p>\n<p>Por su parte, el gobernador Alfredo Ram\u00edrez Bedolla destac\u00f3 que el poniente de Morelia hoy est\u00e1 siendo atendido de manera integral. \u201cVillas del Pedregal es prioridad. Obras como el Paso Catrinas, la macro glorieta como espacio de convivencia, la avenida del Molcajete y ahora este hospital, son muestra de una transformaci\u00f3n con justicia\u201d, expres\u00f3.<\/p>\n<p>El director general del IMSS Bienestar, Zo\u00e9 Robledo, se\u00f1al\u00f3 que la construcci\u00f3n del hospital permitir\u00e1 acercar servicios de salud de calidad a miles de personas. \u201cLa salud debe estar donde vive la gente. Este hospital atender\u00e1 una necesidad urgente y fortalecer\u00e1 la atenci\u00f3n m\u00e9dica en esta zona de Morelia\u201d, afirm\u00f3.<\/p>\n<p>Finalmente, Giulianna Bugarini reiter\u00f3 su agradecimiento a la presidenta de M\u00e9xico, al gobernador y a Zo\u00e9 Robledo, y asegur\u00f3 que desde el Congreso del Estado se seguir\u00e1 acompa\u00f1ando cada acci\u00f3n que responda a lo urgente y necesario para las familias del poniente de Morelia.<\/p>\n<p><img loading=\"lazy\" decoding=\"async\" class=\"alignnone size-medium wp-image-85656\" src=\"https:\/\/mediagroup.mx\/wp-content\/uploads\/2026\/01\/WhatsApp-Image-2026-01-16-at-5.06.18-PM-1-300x200.jpeg\" alt=\"\" width=\"300\" height=\"200\" srcset=\"https:\/\/mediagroup.mx\/wp-content\/uploads\/2026\/01\/WhatsApp-Image-2026-01-16-at-5.06.18-PM-1-300x200.jpeg 300w, https:\/\/mediagroup.mx\/wp-content\/uploads\/2026\/01\/WhatsApp-Image-2026-01-16-at-5.06.18-PM-1-1024x683.jpeg 1024w, https:\/\/mediagroup.mx\/wp-content\/uploads\/2026\/01\/WhatsApp-Image-2026-01-16-at-5.06.18-PM-1-768x512.jpeg 768w, https:\/\/mediagroup.mx\/wp-content\/uploads\/2026\/01\/WhatsApp-Image-2026-01-16-at-5.06.18-PM-1-1536x1024.jpeg 1536w, https:\/\/mediagroup.mx\/wp-content\/uploads\/2026\/01\/WhatsApp-Image-2026-01-16-at-5.06.18-PM-1-2048x1366.jpeg 2048w, https:\/\/mediagroup.mx\/wp-content\/uploads\/2026\/01\/WhatsApp-Image-2026-01-16-at-5.06.18-PM-1-150x100.jpeg 150w, https:\/\/mediagroup.mx\/wp-content\/uploads\/2026\/01\/WhatsApp-Image-2026-01-16-at-5.06.18-PM-1-696x464.jpeg 696w, https:\/\/mediagroup.mx\/wp-content\/uploads\/2026\/01\/WhatsApp-Image-2026-01-16-at-5.06.18-PM-1-1068x712.jpeg 1068w, https:\/\/mediagroup.mx\/wp-content\/uploads\/2026\/01\/WhatsApp-Image-2026-01-16-at-5.06.18-PM-1-1920x1280.jpeg 1920w\" sizes=\"auto, (max-width: 300px) 100vw, 300px\" \/> <img loading=\"lazy\" decoding=\"async\" class=\"alignnone size-medium wp-image-85657\" src=\"https:\/\/mediagroup.mx\/wp-content\/uploads\/2026\/01\/WhatsApp-Image-2026-01-16-at-5.06.18-PM-300x200.jpeg\" alt=\"\" width=\"300\" height=\"200\" srcset=\"https:\/\/mediagroup.mx\/wp-content\/uploads\/2026\/01\/WhatsApp-Image-2026-01-16-at-5.06.18-PM-300x200.jpeg 300w, https:\/\/mediagroup.mx\/wp-content\/uploads\/2026\/01\/WhatsApp-Image-2026-01-16-at-5.06.18-PM-1024x683.jpeg 1024w, https:\/\/mediagroup.mx\/wp-content\/uploads\/2026\/01\/WhatsApp-Image-2026-01-16-at-5.06.18-PM-768x512.jpeg 768w, https:\/\/mediagroup.mx\/wp-content\/uploads\/2026\/01\/WhatsApp-Image-2026-01-16-at-5.06.18-PM-1536x1024.jpeg 1536w, https:\/\/mediagroup.mx\/wp-content\/uploads\/2026\/01\/WhatsApp-Image-2026-01-16-at-5.06.18-PM-2048x1366.jpeg 2048w, https:\/\/mediagroup.mx\/wp-content\/uploads\/2026\/01\/WhatsApp-Image-2026-01-16-at-5.06.18-PM-150x100.jpeg 150w, https:\/\/mediagroup.mx\/wp-content\/uploads\/2026\/01\/WhatsApp-Image-2026-01-16-at-5.06.18-PM-696x464.jpeg 696w, https:\/\/mediagroup.mx\/wp-content\/uploads\/2026\/01\/WhatsApp-Image-2026-01-16-at-5.06.18-PM-1068x712.jpeg 1068w, https:\/\/mediagroup.mx\/wp-content\/uploads\/2026\/01\/WhatsApp-Image-2026-01-16-at-5.06.18-PM-1920x1280.jpeg 1920w\" sizes=\"auto, (max-width: 300px) 100vw, 300px\" \/> <img loading=\"lazy\" decoding=\"async\" class=\"alignnone size-medium wp-image-85658\" src=\"https:\/\/mediagroup.mx\/wp-content\/uploads\/2026\/01\/WhatsApp-Image-2026-01-16-at-5.06.22-PM-300x200.jpeg\" alt=\"\" width=\"300\" height=\"200\" srcset=\"https:\/\/mediagroup.mx\/wp-content\/uploads\/2026\/01\/WhatsApp-Image-2026-01-16-at-5.06.22-PM-300x200.jpeg 300w, https:\/\/mediagroup.mx\/wp-content\/uploads\/2026\/01\/WhatsApp-Image-2026-01-16-at-5.06.22-PM-1024x683.jpeg 1024w, https:\/\/mediagroup.mx\/wp-content\/uploads\/2026\/01\/WhatsApp-Image-2026-01-16-at-5.06.22-PM-768x512.jpeg 768w, https:\/\/mediagroup.mx\/wp-content\/uploads\/2026\/01\/WhatsApp-Image-2026-01-16-at-5.06.22-PM-1536x1024.jpeg 1536w, https:\/\/mediagroup.mx\/wp-content\/uploads\/2026\/01\/WhatsApp-Image-2026-01-16-at-5.06.22-PM-2048x1366.jpeg 2048w, https:\/\/mediagroup.mx\/wp-content\/uploads\/2026\/01\/WhatsApp-Image-2026-01-16-at-5.06.22-PM-150x100.jpeg 150w, https:\/\/mediagroup.mx\/wp-content\/uploads\/2026\/01\/WhatsApp-Image-2026-01-16-at-5.06.22-PM-696x464.jpeg 696w, https:\/\/mediagroup.mx\/wp-content\/uploads\/2026\/01\/WhatsApp-Image-2026-01-16-at-5.06.22-PM-1068x712.jpeg 1068w, https:\/\/mediagroup.mx\/wp-content\/uploads\/2026\/01\/WhatsApp-Image-2026-01-16-at-5.06.22-PM-1920x1280.jpeg 1920w\" sizes=\"auto, (max-width: 300px) 100vw, 300px\" \/><\/p>\n","protected":false},"excerpt":{"rendered":"<p>Morelia, Michoac\u00e1n, a 16 de enero de 2026.- \u201cHoy es un d\u00eda muy importante para las familias de Villas del Pedregal, porque muy pronto llegar\u00e1 un hospital que por a\u00f1os fue una demanda justa de la gente, gracias a la visi\u00f3n y el compromiso social de la presidenta de M\u00e9xico, Claudia Sheinbaum, y al trabajo [&hellip;]<\/p>\n","protected":false},"author":2,"featured_media":85658,"comment_status":"closed","ping_status":"closed","sticky":false,"template":"","format":"standard","meta":{"om_disable_all_campaigns":false,"_monsterinsights_skip_tracking":false,"_monsterinsights_sitenote_active":false,"_monsterinsights_sitenote_note":"","_monsterinsights_sitenote_category":0,"_uf_show_specific_survey":0,"_uf_disable_surveys":false,"_jetpack_memberships_contains_paid_content":false,"footnotes":"","jetpack_publicize_message":"","jetpack_publicize_feature_enabled":true,"jetpack_social_post_already_shared":true,"jetpack_social_options":{"image_generator_settings":{"template":"highway","default_image_id":0,"enabled":false},"version":2}},"categories":[169,15,20],"tags":[],"class_list":{"0":"post-85655","1":"post","2":"type-post","3":"status-publish","4":"format-standard","5":"has-post-thumbnail","7":"category-congreso-del-estado","8":"category-michoacan","9":"category-salud"},"aioseo_notices":[],"jetpack_publicize_connections":[],"jetpack_featured_media_url":"https:\/\/mediagroup.mx\/wp-content\/uploads\/2026\/01\/WhatsApp-Image-2026-01-16-at-5.06.22-PM-scaled.jpeg","jetpack_sharing_enabled":true,"_links":{"self":[{"href":"https:\/\/mediagroup.mx\/index.php\/wp-json\/wp\/v2\/posts\/85655","targetHints":{"allow":["GET"]}}],"collection":[{"href":"https:\/\/mediagroup.mx\/index.php\/wp-json\/wp\/v2\/posts"}],"about":[{"href":"https:\/\/mediagroup.mx\/index.php\/wp-json\/wp\/v2\/types\/post"}],"author":[{"embeddable":true,"href":"https:\/\/mediagroup.mx\/index.php\/wp-json\/wp\/v2\/users\/2"}],"replies":[{"embeddable":true,"href":"https:\/\/mediagroup.mx\/index.php\/wp-json\/wp\/v2\/comments?post=85655"}],"version-history":[{"count":1,"href":"https:\/\/mediagroup.mx\/index.php\/wp-json\/wp\/v2\/posts\/85655\/revisions"}],"predecessor-version":[{"id":85659,"href":"https:\/\/mediagroup.mx\/index.php\/wp-json\/wp\/v2\/posts\/85655\/revisions\/85659"}],"wp:featuredmedia":[{"embeddable":true,"href":"https:\/\/mediagroup.mx\/index.php\/wp-json\/wp\/v2\/media\/85658"}],"wp:attachment":[{"href":"https:\/\/mediagroup.mx\/index.php\/wp-json\/wp\/v2\/media?parent=85655"}],"wp:term":[{"taxonomy":"category","embeddable":true,"href":"https:\/\/mediagroup.mx\/index.php\/wp-json\/wp\/v2\/categories?post=85655"},{"taxonomy":"post_tag","embeddable":true,"href":"https:\/\/mediagroup.mx\/index.php\/wp-json\/wp\/v2\/tags?post=85655"}],"curies":[{"name":"wp","href":"https:\/\/api.w.org\/{rel}","templated":true}]}}