{"id":89168,"date":"2026-03-13T15:41:38","date_gmt":"2026-03-13T21:41:38","guid":{"rendered":"https:\/\/mediagroup.mx\/?p=89168"},"modified":"2026-03-13T15:41:38","modified_gmt":"2026-03-13T21:41:38","slug":"hombre-es-baleado-tras-presunto-intento-de-privarlo-de-la-libertad-en-buenavista-tomatlan","status":"publish","type":"post","link":"https:\/\/mediagroup.mx\/index.php\/2026\/03\/13\/hombre-es-baleado-tras-presunto-intento-de-privarlo-de-la-libertad-en-buenavista-tomatlan\/","title":{"rendered":"Hombre es baleado tras presunto intento de privarlo de la libertad en Buenavista Tomatl\u00e1n"},"content":{"rendered":"<p>RED 113 MICHOAC\u00c1N\/Redacci\u00f3n<\/p>\n<p>Buenavista, Mich.- 13 de marzo de 2026.- Un joven result\u00f3 lesionado por proyectil de arma de fuego luego de un presunto intento de privaci\u00f3n de la libertad registrado en la localidad 18 de Marzo, en el municipio de Buenavista.<\/p>\n<p>De acuerdo con informaci\u00f3n de fuentes policiales, el hecho fue reportado al n\u00famero de emergencias 911, donde se alert\u00f3 sobre una persona herida por arma de fuego que se encontraba consciente sobre la carretera Buenavista-Tepalcatepec.<\/p>\n<p>Elementos de la Polic\u00eda localizaron al lesionado sobre la calle L\u00e1zaro C\u00e1rdenas de la citada comunidad, donde ya era atendido por los param\u00e9dicos de Protecci\u00f3n Civil.<\/p>\n<p>El hombre presentaba heridas por arma de fuego en el maxilar izquierdo, as\u00ed como una lesi\u00f3n en el hombro izquierdo, por lo que fue trasladado al Hospital Rural del IMSS de Buenavista Tomatl\u00e1n para recibir atenci\u00f3n m\u00e9dica.<\/p>\n<p>Durante las diligencias realizadas en el lugar del ataque, el personal investigador localiz\u00f3 dos cartuchos percutidos calibre .40, los cuales fueron asegurados como indicios.<\/p>\n<p>Posteriormente, el lesionado fue identificado como Daniel R, de 24 a\u00f1os de edad, originario de Tlaquepaque, Jalisco.<\/p>\n<p>El joven relat\u00f3 que al encontrarse en dicha localidad arrib\u00f3 una camioneta tipo pickup color rojo, de la cual descendi\u00f3 un sujeto que le exigi\u00f3 subir al veh\u00edculo. Al negarse, forcejearon y el agresor sac\u00f3 un arma de fuego y le dispar\u00f3 en dos ocasiones, tras lo cual cay\u00f3 al suelo y el atacante huy\u00f3.<\/p>\n<p>Las autoridades ministeriales realizaron las investigaciones respectivas para esclarecer el ataque e identificar al responsable.<\/p>\n<p><img loading=\"lazy\" decoding=\"async\" class=\"alignnone size-medium wp-image-89169\" src=\"https:\/\/mediagroup.mx\/wp-content\/uploads\/2026\/03\/WhatsApp-Image-2026-03-13-at-3.38.09-PM-300x233.jpeg\" alt=\"\" width=\"300\" height=\"233\" srcset=\"https:\/\/mediagroup.mx\/wp-content\/uploads\/2026\/03\/WhatsApp-Image-2026-03-13-at-3.38.09-PM-300x233.jpeg 300w, https:\/\/mediagroup.mx\/wp-content\/uploads\/2026\/03\/WhatsApp-Image-2026-03-13-at-3.38.09-PM-1024x794.jpeg 1024w, https:\/\/mediagroup.mx\/wp-content\/uploads\/2026\/03\/WhatsApp-Image-2026-03-13-at-3.38.09-PM-768x595.jpeg 768w, https:\/\/mediagroup.mx\/wp-content\/uploads\/2026\/03\/WhatsApp-Image-2026-03-13-at-3.38.09-PM-1536x1190.jpeg 1536w, https:\/\/mediagroup.mx\/wp-content\/uploads\/2026\/03\/WhatsApp-Image-2026-03-13-at-3.38.09-PM-150x116.jpeg 150w, https:\/\/mediagroup.mx\/wp-content\/uploads\/2026\/03\/WhatsApp-Image-2026-03-13-at-3.38.09-PM-696x539.jpeg 696w, https:\/\/mediagroup.mx\/wp-content\/uploads\/2026\/03\/WhatsApp-Image-2026-03-13-at-3.38.09-PM-1068x828.jpeg 1068w, https:\/\/mediagroup.mx\/wp-content\/uploads\/2026\/03\/WhatsApp-Image-2026-03-13-at-3.38.09-PM.jpeg 1600w\" sizes=\"auto, (max-width: 300px) 100vw, 300px\" \/><\/p>\n","protected":false},"excerpt":{"rendered":"<p>RED 113 MICHOAC\u00c1N\/Redacci\u00f3n Buenavista, Mich.- 13 de marzo de 2026.- Un joven result\u00f3 lesionado por proyectil de arma de fuego luego de un presunto intento de privaci\u00f3n de la libertad registrado en la localidad 18 de Marzo, en el municipio de Buenavista. De acuerdo con informaci\u00f3n de fuentes policiales, el hecho fue reportado al n\u00famero [&hellip;]<\/p>\n","protected":false},"author":2,"featured_media":89169,"comment_status":"closed","ping_status":"closed","sticky":false,"template":"","format":"standard","meta":{"om_disable_all_campaigns":false,"_monsterinsights_skip_tracking":false,"_monsterinsights_sitenote_active":false,"_monsterinsights_sitenote_note":"","_monsterinsights_sitenote_category":0,"_uf_show_specific_survey":0,"_uf_disable_surveys":false,"_jetpack_memberships_contains_paid_content":false,"footnotes":"","jetpack_publicize_message":"Hombre es baleado tras presunto intento de privarlo de la libertad en Buenavista Tomatl\u00e1n","jetpack_publicize_feature_enabled":true,"jetpack_social_post_already_shared":true,"jetpack_social_options":{"image_generator_settings":{"template":"highway","default_image_id":0,"enabled":false},"version":2}},"categories":[36],"tags":[258,219,118,45],"class_list":{"0":"post-89168","1":"post","2":"type-post","3":"status-publish","4":"format-standard","5":"has-post-thumbnail","7":"category-michoacanseguridad","8":"tag-baleado","9":"tag-buenavista","10":"tag-inseguridad","11":"tag-michoacan"},"aioseo_notices":[],"jetpack_publicize_connections":[],"jetpack_featured_media_url":"https:\/\/mediagroup.mx\/wp-content\/uploads\/2026\/03\/WhatsApp-Image-2026-03-13-at-3.38.09-PM.jpeg","jetpack_sharing_enabled":true,"_links":{"self":[{"href":"https:\/\/mediagroup.mx\/index.php\/wp-json\/wp\/v2\/posts\/89168","targetHints":{"allow":["GET"]}}],"collection":[{"href":"https:\/\/mediagroup.mx\/index.php\/wp-json\/wp\/v2\/posts"}],"about":[{"href":"https:\/\/mediagroup.mx\/index.php\/wp-json\/wp\/v2\/types\/post"}],"author":[{"embeddable":true,"href":"https:\/\/mediagroup.mx\/index.php\/wp-json\/wp\/v2\/users\/2"}],"replies":[{"embeddable":true,"href":"https:\/\/mediagroup.mx\/index.php\/wp-json\/wp\/v2\/comments?post=89168"}],"version-history":[{"count":1,"href":"https:\/\/mediagroup.mx\/index.php\/wp-json\/wp\/v2\/posts\/89168\/revisions"}],"predecessor-version":[{"id":89170,"href":"https:\/\/mediagroup.mx\/index.php\/wp-json\/wp\/v2\/posts\/89168\/revisions\/89170"}],"wp:featuredmedia":[{"embeddable":true,"href":"https:\/\/mediagroup.mx\/index.php\/wp-json\/wp\/v2\/media\/89169"}],"wp:attachment":[{"href":"https:\/\/mediagroup.mx\/index.php\/wp-json\/wp\/v2\/media?parent=89168"}],"wp:term":[{"taxonomy":"category","embeddable":true,"href":"https:\/\/mediagroup.mx\/index.php\/wp-json\/wp\/v2\/categories?post=89168"},{"taxonomy":"post_tag","embeddable":true,"href":"https:\/\/mediagroup.mx\/index.php\/wp-json\/wp\/v2\/tags?post=89168"}],"curies":[{"name":"wp","href":"https:\/\/api.w.org\/{rel}","templated":true}]}}