{"id":91383,"date":"2026-04-25T20:24:36","date_gmt":"2026-04-26T02:24:36","guid":{"rendered":"https:\/\/mediagroup.mx\/?p=91383"},"modified":"2026-04-25T20:24:36","modified_gmt":"2026-04-26T02:24:36","slug":"respaldan-fundadores-de-morena-a-fabiola-alanis","status":"publish","type":"post","link":"https:\/\/mediagroup.mx\/index.php\/2026\/04\/25\/respaldan-fundadores-de-morena-a-fabiola-alanis\/","title":{"rendered":"Respaldan fundadores de MORENA a Fabiola Alan\u00eds"},"content":{"rendered":"<p>La diputada Fabiola Alan\u00eds encabez\u00f3 el encuentro El Origen, un espacio de reconocimiento y di\u00e1logo con fundadoras y fundadores de Movimiento Regeneraci\u00f3n Nacional (Morena), donde se reafirmaron los principios que dieron vida al movimiento y se hizo un llamado a fortalecer la unidad para consolidar el Segundo Piso de la Cuarta Transformaci\u00f3n.<\/p>\n<p>Durante su mensaje, Fabiola Alan\u00eds destac\u00f3 que Morena es un movimiento que naci\u00f3 desde el pueblo y que se ha sostenido gracias a la convicci\u00f3n y lucha de quienes lo fundaron hace m\u00e1s de una d\u00e9cada.<\/p>\n<p>\u201cEste movimiento no naci\u00f3 en las \u00e9lites, naci\u00f3 desde abajo, desde el pueblo, con mujeres y hombres comprometidos con la justicia social, la democracia y la igualdad. Por eso hoy estamos aqu\u00ed, reconociendo el origen y reafirmando nuestros principios\u201d, expres\u00f3.<\/p>\n<p>La legisladora subray\u00f3 que la Cuarta Transformaci\u00f3n es heredera de las grandes luchas hist\u00f3ricas del pa\u00eds, desde la Independencia hasta los movimientos sociales contempor\u00e1neos, y que su consolidaci\u00f3n ha sido posible gracias a la organizaci\u00f3n y perseverancia de sus bases.<br \/>\nAsimismo, record\u00f3 que desde 2018, con la llegada de Andr\u00e9s Manuel L\u00f3pez Obrador a la Presidencia, se demostr\u00f3 que es posible gobernar con un enfoque distinto, poniendo en el centro al pueblo y priorizando a quienes m\u00e1s lo necesitan.<\/p>\n<p>\u201cDemostramos que s\u00ed hay otra forma de gobernar: sin privilegios, con honestidad y con un principio claro: por el bien de todos, primero los pobres\u201d, afirm\u00f3.<\/p>\n<p><img loading=\"lazy\" decoding=\"async\" class=\"alignnone size-medium wp-image-91384\" src=\"https:\/\/mediagroup.mx\/wp-content\/uploads\/2026\/04\/c759bf6b-b162-484b-9412-857b0549e205-240x300.jpeg\" alt=\"\" width=\"240\" height=\"300\" srcset=\"https:\/\/mediagroup.mx\/wp-content\/uploads\/2026\/04\/c759bf6b-b162-484b-9412-857b0549e205-240x300.jpeg 240w, https:\/\/mediagroup.mx\/wp-content\/uploads\/2026\/04\/c759bf6b-b162-484b-9412-857b0549e205-819x1024.jpeg 819w, https:\/\/mediagroup.mx\/wp-content\/uploads\/2026\/04\/c759bf6b-b162-484b-9412-857b0549e205-768x960.jpeg 768w, https:\/\/mediagroup.mx\/wp-content\/uploads\/2026\/04\/c759bf6b-b162-484b-9412-857b0549e205-150x188.jpeg 150w, https:\/\/mediagroup.mx\/wp-content\/uploads\/2026\/04\/c759bf6b-b162-484b-9412-857b0549e205-300x375.jpeg 300w, https:\/\/mediagroup.mx\/wp-content\/uploads\/2026\/04\/c759bf6b-b162-484b-9412-857b0549e205-696x870.jpeg 696w, https:\/\/mediagroup.mx\/wp-content\/uploads\/2026\/04\/c759bf6b-b162-484b-9412-857b0549e205-1068x1335.jpeg 1068w, https:\/\/mediagroup.mx\/wp-content\/uploads\/2026\/04\/c759bf6b-b162-484b-9412-857b0549e205.jpeg 1080w\" sizes=\"auto, (max-width: 240px) 100vw, 240px\" \/><br \/>\nEn ese sentido, resalt\u00f3 que hoy el movimiento avanza hacia una nueva etapa bajo el liderazgo de la presidenta Claudia Sheinbaum Pardo, quien encabeza la construcci\u00f3n del Segundo Piso de la transformaci\u00f3n.<br \/>\n\u201cHoy estamos consolidando una nueva etapa. Con una mujer al frente del pa\u00eds, seguimos ampliando derechos, fortaleciendo el bienestar y defendiendo la soberan\u00eda nacional. Es tiempo de mujeres y es tiempo de consolidar lo que hemos construido juntas y juntos\u201d, se\u00f1al\u00f3.<\/p>\n<p>Ante fundadoras y fundadores, Fabiola Alan\u00eds hizo un llamado a cerrar filas, fortalecer la organizaci\u00f3n territorial y defender los logros alcanzados frente a los retos actuales.<br \/>\n\u201cUstedes son la ra\u00edz de este movimiento, son quienes lo hicieron posible. Hoy m\u00e1s que nunca necesitamos su experiencia, su compromiso y su convicci\u00f3n para seguir construyendo desde abajo y para cuidar lo que tanto ha costado\u201d, expres\u00f3.<\/p>\n<p>Finalmente, envi\u00f3 un mensaje claro rumbo al futuro pol\u00edtico del estado.<br \/>\n\u201cDesde Michoac\u00e1n decimos con claridad: vamos a seguir construyendo la transformaci\u00f3n, vamos a fortalecer la unidad y, si as\u00ed lo decide el pueblo, en 2027 tambi\u00e9n ser\u00e1 tiempo de mujeres en nuestro estado\u201d, concluy\u00f3.<\/p>\n","protected":false},"excerpt":{"rendered":"<p>La diputada Fabiola Alan\u00eds encabez\u00f3 el encuentro El Origen, un espacio de reconocimiento y di\u00e1logo con fundadoras y fundadores de Movimiento Regeneraci\u00f3n Nacional (Morena), donde se reafirmaron los principios que dieron vida al movimiento y se hizo un llamado a fortalecer la unidad para consolidar el Segundo Piso de la Cuarta Transformaci\u00f3n. Durante su mensaje, [&hellip;]<\/p>\n","protected":false},"author":2,"featured_media":91384,"comment_status":"closed","ping_status":"closed","sticky":false,"template":"","format":"standard","meta":{"om_disable_all_campaigns":false,"_monsterinsights_skip_tracking":false,"_monsterinsights_sitenote_active":false,"_monsterinsights_sitenote_note":"","_monsterinsights_sitenote_category":0,"_uf_show_specific_survey":0,"_uf_disable_surveys":false,"_jetpack_memberships_contains_paid_content":false,"footnotes":"","jetpack_publicize_message":"Respaldan fundadores de MORENA a Fabiola Alan\u00eds","jetpack_publicize_feature_enabled":true,"jetpack_social_post_already_shared":true,"jetpack_social_options":{"image_generator_settings":{"template":"highway","default_image_id":0,"enabled":false},"version":2}},"categories":[15],"tags":[],"class_list":{"0":"post-91383","1":"post","2":"type-post","3":"status-publish","4":"format-standard","5":"has-post-thumbnail","7":"category-michoacan"},"aioseo_notices":[],"jetpack_publicize_connections":[],"jetpack_featured_media_url":"https:\/\/mediagroup.mx\/wp-content\/uploads\/2026\/04\/c759bf6b-b162-484b-9412-857b0549e205.jpeg","jetpack_sharing_enabled":true,"_links":{"self":[{"href":"https:\/\/mediagroup.mx\/index.php\/wp-json\/wp\/v2\/posts\/91383","targetHints":{"allow":["GET"]}}],"collection":[{"href":"https:\/\/mediagroup.mx\/index.php\/wp-json\/wp\/v2\/posts"}],"about":[{"href":"https:\/\/mediagroup.mx\/index.php\/wp-json\/wp\/v2\/types\/post"}],"author":[{"embeddable":true,"href":"https:\/\/mediagroup.mx\/index.php\/wp-json\/wp\/v2\/users\/2"}],"replies":[{"embeddable":true,"href":"https:\/\/mediagroup.mx\/index.php\/wp-json\/wp\/v2\/comments?post=91383"}],"version-history":[{"count":1,"href":"https:\/\/mediagroup.mx\/index.php\/wp-json\/wp\/v2\/posts\/91383\/revisions"}],"predecessor-version":[{"id":91385,"href":"https:\/\/mediagroup.mx\/index.php\/wp-json\/wp\/v2\/posts\/91383\/revisions\/91385"}],"wp:featuredmedia":[{"embeddable":true,"href":"https:\/\/mediagroup.mx\/index.php\/wp-json\/wp\/v2\/media\/91384"}],"wp:attachment":[{"href":"https:\/\/mediagroup.mx\/index.php\/wp-json\/wp\/v2\/media?parent=91383"}],"wp:term":[{"taxonomy":"category","embeddable":true,"href":"https:\/\/mediagroup.mx\/index.php\/wp-json\/wp\/v2\/categories?post=91383"},{"taxonomy":"post_tag","embeddable":true,"href":"https:\/\/mediagroup.mx\/index.php\/wp-json\/wp\/v2\/tags?post=91383"}],"curies":[{"name":"wp","href":"https:\/\/api.w.org\/{rel}","templated":true}]}}