{"id":91398,"date":"2026-04-27T11:22:13","date_gmt":"2026-04-27T17:22:13","guid":{"rendered":"https:\/\/mediagroup.mx\/?p=91398"},"modified":"2026-04-27T11:22:13","modified_gmt":"2026-04-27T17:22:13","slug":"se-consolida-raul-moron-como-el-protagonista-de-la-unidad-en-michoacan","status":"publish","type":"post","link":"https:\/\/mediagroup.mx\/index.php\/2026\/04\/27\/se-consolida-raul-moron-como-el-protagonista-de-la-unidad-en-michoacan\/","title":{"rendered":"Se consolida Ra\u00fal Mor\u00f3n como el protagonista de la unidad en Michoac\u00e1n"},"content":{"rendered":"<p>Apatzing\u00e1n, Mich., a 27 de abril de 2026.-<\/p>\n<p>El senador de Morena Ra\u00fal Mor\u00f3n Orozco, reafirm\u00f3 su papel como el principal articulador de la unidad en Michoac\u00e1n, luego de una intensa jornada de trabajo este fin de semana por los municipios de Villa Madero, P\u00e1tzcuaro, Los Reyes, Jiquilpan y Apatzing\u00e1n, en donde sostuvo encuentros con liderazgos pol\u00edticos y representantes sociales para sumar esfuerzos en un frente com\u00fan que permita encarar con \u00e9xito los retos actuales que enfrenta el estado en cada una de sus regiones.<\/p>\n<p>Para el legislador michoacano la pol\u00edtica solo adquiere sentido cuando el poder se ejerce con la firme convicci\u00f3n de obedecer el mandato popular y transformar las demandas de la gente en acciones que generen bienestar real en su vida cotidiana. Bajo esta premisa Mor\u00f3n Orozco escuch\u00f3 de primera mano las necesidades de los diversos sectores productivos y sociales para asegurar que la agenda legislativa responda con exactitud a las realidades locales.<\/p>\n<p>En este esfuerzo de organizaci\u00f3n, el senador hizo un llamado a mantener la cohesi\u00f3n de todos los sectores sociales, ya que la unidad es la herramienta indispensable para profundizar la Cuarta Transformaci\u00f3n y ofreci\u00f3 presencia territorial permanente para coordinar la construcci\u00f3n de soluciones.<\/p>\n<p>Esta labor territorial se complementa con su trabajo en el Senado de la Rep\u00fablica, donde el legislador ratific\u00f3 su respaldo total a la presidenta Claudia Sheinbaum Pardo y a la implementaci\u00f3n de sus pol\u00edticas p\u00fablicas, en aras de que los beneficios del proyecto federal lleguen de manera directa a cada rinc\u00f3n de Michoac\u00e1n para garantizar que el crecimiento econ\u00f3mico y la paz social sean una realidad para todas las familias.<\/p>\n<p><img loading=\"lazy\" decoding=\"async\" class=\"alignnone size-medium wp-image-91399\" src=\"https:\/\/mediagroup.mx\/wp-content\/uploads\/2026\/04\/WhatsApp-Image-2026-04-27-at-9.06.41-AM-300x200.jpeg\" alt=\"\" width=\"300\" height=\"200\" srcset=\"https:\/\/mediagroup.mx\/wp-content\/uploads\/2026\/04\/WhatsApp-Image-2026-04-27-at-9.06.41-AM-300x200.jpeg 300w, https:\/\/mediagroup.mx\/wp-content\/uploads\/2026\/04\/WhatsApp-Image-2026-04-27-at-9.06.41-AM-1024x683.jpeg 1024w, https:\/\/mediagroup.mx\/wp-content\/uploads\/2026\/04\/WhatsApp-Image-2026-04-27-at-9.06.41-AM-768x512.jpeg 768w, https:\/\/mediagroup.mx\/wp-content\/uploads\/2026\/04\/WhatsApp-Image-2026-04-27-at-9.06.41-AM-1536x1024.jpeg 1536w, https:\/\/mediagroup.mx\/wp-content\/uploads\/2026\/04\/WhatsApp-Image-2026-04-27-at-9.06.41-AM-2048x1366.jpeg 2048w, https:\/\/mediagroup.mx\/wp-content\/uploads\/2026\/04\/WhatsApp-Image-2026-04-27-at-9.06.41-AM-150x100.jpeg 150w, https:\/\/mediagroup.mx\/wp-content\/uploads\/2026\/04\/WhatsApp-Image-2026-04-27-at-9.06.41-AM-696x464.jpeg 696w, https:\/\/mediagroup.mx\/wp-content\/uploads\/2026\/04\/WhatsApp-Image-2026-04-27-at-9.06.41-AM-1068x712.jpeg 1068w, https:\/\/mediagroup.mx\/wp-content\/uploads\/2026\/04\/WhatsApp-Image-2026-04-27-at-9.06.41-AM-1920x1280.jpeg 1920w\" sizes=\"auto, (max-width: 300px) 100vw, 300px\" \/><\/p>\n","protected":false},"excerpt":{"rendered":"<p>Apatzing\u00e1n, Mich., a 27 de abril de 2026.- El senador de Morena Ra\u00fal Mor\u00f3n Orozco, reafirm\u00f3 su papel como el principal articulador de la unidad en Michoac\u00e1n, luego de una intensa jornada de trabajo este fin de semana por los municipios de Villa Madero, P\u00e1tzcuaro, Los Reyes, Jiquilpan y Apatzing\u00e1n, en donde sostuvo encuentros con [&hellip;]<\/p>\n","protected":false},"author":2,"featured_media":91399,"comment_status":"closed","ping_status":"closed","sticky":false,"template":"","format":"standard","meta":{"om_disable_all_campaigns":false,"_monsterinsights_skip_tracking":false,"_monsterinsights_sitenote_active":false,"_monsterinsights_sitenote_note":"","_monsterinsights_sitenote_category":0,"_uf_show_specific_survey":0,"_uf_disable_surveys":false,"_jetpack_memberships_contains_paid_content":false,"footnotes":"","jetpack_publicize_message":"Se consolida Ra\u00fal Mor\u00f3n como el protagonista de la unidad en Michoac\u00e1n\r\n\r\nEl legislador contin\u00faa con su gira por el estado en donde a su paso teje una alianza entre toda la poblaci\u00f3n para resolver los pendientes del estado desde el esfuerzo colectivo, con la participaci\u00f3n de todos los sectores","jetpack_publicize_feature_enabled":true,"jetpack_social_post_already_shared":true,"jetpack_social_options":{"image_generator_settings":{"template":"highway","default_image_id":0,"enabled":false},"version":2}},"categories":[15],"tags":[],"class_list":{"0":"post-91398","1":"post","2":"type-post","3":"status-publish","4":"format-standard","5":"has-post-thumbnail","7":"category-michoacan"},"aioseo_notices":[],"jetpack_publicize_connections":[],"jetpack_featured_media_url":"https:\/\/mediagroup.mx\/wp-content\/uploads\/2026\/04\/WhatsApp-Image-2026-04-27-at-9.06.41-AM-scaled.jpeg","jetpack_sharing_enabled":true,"_links":{"self":[{"href":"https:\/\/mediagroup.mx\/index.php\/wp-json\/wp\/v2\/posts\/91398","targetHints":{"allow":["GET"]}}],"collection":[{"href":"https:\/\/mediagroup.mx\/index.php\/wp-json\/wp\/v2\/posts"}],"about":[{"href":"https:\/\/mediagroup.mx\/index.php\/wp-json\/wp\/v2\/types\/post"}],"author":[{"embeddable":true,"href":"https:\/\/mediagroup.mx\/index.php\/wp-json\/wp\/v2\/users\/2"}],"replies":[{"embeddable":true,"href":"https:\/\/mediagroup.mx\/index.php\/wp-json\/wp\/v2\/comments?post=91398"}],"version-history":[{"count":1,"href":"https:\/\/mediagroup.mx\/index.php\/wp-json\/wp\/v2\/posts\/91398\/revisions"}],"predecessor-version":[{"id":91400,"href":"https:\/\/mediagroup.mx\/index.php\/wp-json\/wp\/v2\/posts\/91398\/revisions\/91400"}],"wp:featuredmedia":[{"embeddable":true,"href":"https:\/\/mediagroup.mx\/index.php\/wp-json\/wp\/v2\/media\/91399"}],"wp:attachment":[{"href":"https:\/\/mediagroup.mx\/index.php\/wp-json\/wp\/v2\/media?parent=91398"}],"wp:term":[{"taxonomy":"category","embeddable":true,"href":"https:\/\/mediagroup.mx\/index.php\/wp-json\/wp\/v2\/categories?post=91398"},{"taxonomy":"post_tag","embeddable":true,"href":"https:\/\/mediagroup.mx\/index.php\/wp-json\/wp\/v2\/tags?post=91398"}],"curies":[{"name":"wp","href":"https:\/\/api.w.org\/{rel}","templated":true}]}}