{"id":91404,"date":"2026-04-27T11:25:31","date_gmt":"2026-04-27T17:25:31","guid":{"rendered":"https:\/\/mediagroup.mx\/?p=91404"},"modified":"2026-04-27T11:25:31","modified_gmt":"2026-04-27T17:25:31","slug":"fabiola-alanis-llama-a-la-unidad-nacional-para-defender-la-soberania-y-consolidar-la-cuarta-transformacion","status":"publish","type":"post","link":"https:\/\/mediagroup.mx\/index.php\/2026\/04\/27\/fabiola-alanis-llama-a-la-unidad-nacional-para-defender-la-soberania-y-consolidar-la-cuarta-transformacion\/","title":{"rendered":"Fabiola Alan\u00eds llama a la unidad nacional para defender la soberan\u00eda y consolidar la Cuarta Transformaci\u00f3n"},"content":{"rendered":"<p>Morelia, Michoac\u00e1n, a 27 de abril de 2026.- La diputada Fabiola Alan\u00eds hizo un llamado firme a la unidad del movimiento progresista ante los retos actuales que enfrenta el pa\u00eds, al advertir que existen amenazas internas y externas que buscan frenar el avance de la Cuarta Transformaci\u00f3n y vulnerar la soberan\u00eda nacional.<br \/>\nFabiola Alan\u00eds subray\u00f3 que el momento pol\u00edtico exige responsabilidad, madurez y cohesi\u00f3n, particularmente frente a intentos de desestabilizaci\u00f3n que, m\u00e1s all\u00e1 de una oposici\u00f3n debilitada, responden a intereses que no han aceptado el cambio de r\u00e9gimen en M\u00e9xico.<\/p>\n<p>\u201cLas amenazas son reales. No se trata s\u00f3lo de una oposici\u00f3n desdibujada, que muchas veces es utilizada como ariete, sino de intereses que buscan impedir que el pueblo de M\u00e9xico consolide la transformaci\u00f3n de la vida p\u00fablica. Por eso, hoy m\u00e1s que nunca, la unidad es indispensable\u201d, se\u00f1al\u00f3.<br \/>\nLa legisladora enfatiz\u00f3 que el proyecto de la Cuarta Transformaci\u00f3n ha logrado avances significativos en materia de derechos, bienestar y justicia social, lo que ha generado resistencias de quienes durante d\u00e9cadas se beneficiaron de un modelo desigual.<\/p>\n<p>\u201cCuando se transforma de fondo la vida p\u00fablica, se tocan privilegios. Y quienes los pierden no se quedan de brazos cruzados. Por eso vemos intentos de desinformaci\u00f3n, de polarizaci\u00f3n y de inestabilidad. Frente a eso, la respuesta debe ser clara: unidad y convicci\u00f3n\u201d, afirm\u00f3.<\/p>\n<p>En ese sentido, expres\u00f3 su respaldo absoluto a la presidenta de M\u00e9xico, Claudia Sheinbaum Pardo, y reiter\u00f3 la lealtad al proyecto que encabeza.<\/p>\n<p>\u201cDesde Michoac\u00e1n refrendamos nuestra lealtad a la Presidenta y a los principios del movimiento obradorista y progresista. Vamos a cerrar filas en torno a su liderazgo, porque sabemos que est\u00e1 conduciendo al pa\u00eds con responsabilidad, firmeza y compromiso con el pueblo\u201d, sostuvo.<\/p>\n<p>Fabiola Alan\u00eds dej\u00f3 claro que en Michoac\u00e1n prevalecer\u00e1 la responsabilidad pol\u00edtica y el compromiso con la estabilidad nacional.<br \/>\n\u201cDesde Michoac\u00e1n no seremos factor de inestabilidad. No vamos a causarle problemas a la Presidenta. Todo lo contrario: vamos a contribuir a la gobernabilidad, a la unidad y a la consolidaci\u00f3n del proyecto de transformaci\u00f3n\u201d, puntualiz\u00f3.<br \/>\nFinalmente, reiter\u00f3 que la fortaleza del movimiento radica en su v\u00ednculo con el pueblo y en la congruencia de sus principios.<\/p>\n<p>\u201cLa Cuarta Transformaci\u00f3n no es s\u00f3lo un proyecto de gobierno, es un proyecto de naci\u00f3n. Y su defensa implica actuar con responsabilidad, con lealtad y siempre del lado del pueblo de M\u00e9xico\u201d, concluy\u00f3.<\/p>\n<p><img loading=\"lazy\" decoding=\"async\" class=\"alignnone size-medium wp-image-91405\" src=\"https:\/\/mediagroup.mx\/wp-content\/uploads\/2026\/04\/WhatsApp-Image-2026-04-27-at-10.36.05-AM-300x264.jpeg\" alt=\"\" width=\"300\" height=\"264\" srcset=\"https:\/\/mediagroup.mx\/wp-content\/uploads\/2026\/04\/WhatsApp-Image-2026-04-27-at-10.36.05-AM-300x264.jpeg 300w, https:\/\/mediagroup.mx\/wp-content\/uploads\/2026\/04\/WhatsApp-Image-2026-04-27-at-10.36.05-AM-768x677.jpeg 768w, https:\/\/mediagroup.mx\/wp-content\/uploads\/2026\/04\/WhatsApp-Image-2026-04-27-at-10.36.05-AM-150x132.jpeg 150w, https:\/\/mediagroup.mx\/wp-content\/uploads\/2026\/04\/WhatsApp-Image-2026-04-27-at-10.36.05-AM-696x613.jpeg 696w, https:\/\/mediagroup.mx\/wp-content\/uploads\/2026\/04\/WhatsApp-Image-2026-04-27-at-10.36.05-AM.jpeg 809w\" sizes=\"auto, (max-width: 300px) 100vw, 300px\" \/><\/p>\n","protected":false},"excerpt":{"rendered":"<p>Morelia, Michoac\u00e1n, a 27 de abril de 2026.- La diputada Fabiola Alan\u00eds hizo un llamado firme a la unidad del movimiento progresista ante los retos actuales que enfrenta el pa\u00eds, al advertir que existen amenazas internas y externas que buscan frenar el avance de la Cuarta Transformaci\u00f3n y vulnerar la soberan\u00eda nacional. Fabiola Alan\u00eds subray\u00f3 [&hellip;]<\/p>\n","protected":false},"author":2,"featured_media":91405,"comment_status":"closed","ping_status":"closed","sticky":false,"template":"","format":"standard","meta":{"om_disable_all_campaigns":false,"_monsterinsights_skip_tracking":false,"_monsterinsights_sitenote_active":false,"_monsterinsights_sitenote_note":"","_monsterinsights_sitenote_category":0,"_uf_show_specific_survey":0,"_uf_disable_surveys":false,"_jetpack_memberships_contains_paid_content":false,"footnotes":"","jetpack_publicize_message":"Fabiola Alan\u00eds llama a la unidad nacional para defender la soberan\u00eda y consolidar la Cuarta Transformaci\u00f3n","jetpack_publicize_feature_enabled":true,"jetpack_social_post_already_shared":true,"jetpack_social_options":{"image_generator_settings":{"template":"highway","default_image_id":0,"enabled":false},"version":2}},"categories":[15],"tags":[],"class_list":{"0":"post-91404","1":"post","2":"type-post","3":"status-publish","4":"format-standard","5":"has-post-thumbnail","7":"category-michoacan"},"aioseo_notices":[],"jetpack_publicize_connections":[],"jetpack_featured_media_url":"https:\/\/mediagroup.mx\/wp-content\/uploads\/2026\/04\/WhatsApp-Image-2026-04-27-at-10.36.05-AM.jpeg","jetpack_sharing_enabled":true,"_links":{"self":[{"href":"https:\/\/mediagroup.mx\/index.php\/wp-json\/wp\/v2\/posts\/91404","targetHints":{"allow":["GET"]}}],"collection":[{"href":"https:\/\/mediagroup.mx\/index.php\/wp-json\/wp\/v2\/posts"}],"about":[{"href":"https:\/\/mediagroup.mx\/index.php\/wp-json\/wp\/v2\/types\/post"}],"author":[{"embeddable":true,"href":"https:\/\/mediagroup.mx\/index.php\/wp-json\/wp\/v2\/users\/2"}],"replies":[{"embeddable":true,"href":"https:\/\/mediagroup.mx\/index.php\/wp-json\/wp\/v2\/comments?post=91404"}],"version-history":[{"count":1,"href":"https:\/\/mediagroup.mx\/index.php\/wp-json\/wp\/v2\/posts\/91404\/revisions"}],"predecessor-version":[{"id":91406,"href":"https:\/\/mediagroup.mx\/index.php\/wp-json\/wp\/v2\/posts\/91404\/revisions\/91406"}],"wp:featuredmedia":[{"embeddable":true,"href":"https:\/\/mediagroup.mx\/index.php\/wp-json\/wp\/v2\/media\/91405"}],"wp:attachment":[{"href":"https:\/\/mediagroup.mx\/index.php\/wp-json\/wp\/v2\/media?parent=91404"}],"wp:term":[{"taxonomy":"category","embeddable":true,"href":"https:\/\/mediagroup.mx\/index.php\/wp-json\/wp\/v2\/categories?post=91404"},{"taxonomy":"post_tag","embeddable":true,"href":"https:\/\/mediagroup.mx\/index.php\/wp-json\/wp\/v2\/tags?post=91404"}],"curies":[{"name":"wp","href":"https:\/\/api.w.org\/{rel}","templated":true}]}}