{"id":91420,"date":"2026-04-27T14:29:56","date_gmt":"2026-04-27T20:29:56","guid":{"rendered":"https:\/\/mediagroup.mx\/?p=91420"},"modified":"2026-04-27T14:29:56","modified_gmt":"2026-04-27T20:29:56","slug":"hombre-grave-tras-ser-baleado-8-veces-en-jacona","status":"publish","type":"post","link":"https:\/\/mediagroup.mx\/index.php\/2026\/04\/27\/hombre-grave-tras-ser-baleado-8-veces-en-jacona\/","title":{"rendered":"Hombre grave tras ser baleado 8 veces, en Jacona"},"content":{"rendered":"<p>RED 113 MICHOAC\u00c1N\/Redacci\u00f3n<\/p>\n<p>Jacona, Mich.- 27 de abril de 2026.- Un hombre result\u00f3 con al menos ocho lesiones en distintas partes de su humanidad, tras ser atacado con disparos de arma de fuego, en la colonia Los Manguitos, perteneciente al municipio de Jacona.<\/p>\n<p>Por la informaci\u00f3n recabada en la cobertura noticiosa se pudo conocer que el atentado se registr\u00f3 sobre la calle Emilio Carranza, esquina con Emiliano Zapata, donde el ofendido fue sorprendido por desconocidos armados que le dispararon y enseguida se dieron a la fuga.<\/p>\n<p>Al sitio se movilizaron los elementos de la Polic\u00eda Municipal, Guardia Civil, Defensa y Guardia Nacional, quienes delimitaron la zona, mientras que los param\u00e9dicos de la Cruz Roja atendieron al lesionado.<\/p>\n<p>Trat\u00e1ndose de Juan Manuel R., de 43 a\u00f1os de edad, mismo que fue canalizado a la sala de urgencia de un nosocomio de Zamora para su adecuada atenci\u00f3n m\u00e9dica. Siendo ignorado al momento el probable m\u00f3vil de la agresi\u00f3n.<\/p>\n<p>Agentes y peritos de la Fiscal\u00eda General del Estado, acudieron al \u00e1rea de intervenci\u00f3n para realizar la recolecci\u00f3n de indicios y de testimonios para iniciar la respectiva carpeta de investigaci\u00f3n.<\/p>\n<p><img loading=\"lazy\" decoding=\"async\" class=\"alignnone size-medium wp-image-91421\" src=\"https:\/\/mediagroup.mx\/wp-content\/uploads\/2026\/04\/WhatsApp-Image-2026-04-27-at-7.24.19-AM-300x169.jpeg\" alt=\"\" width=\"300\" height=\"169\" srcset=\"https:\/\/mediagroup.mx\/wp-content\/uploads\/2026\/04\/WhatsApp-Image-2026-04-27-at-7.24.19-AM-300x169.jpeg 300w, https:\/\/mediagroup.mx\/wp-content\/uploads\/2026\/04\/WhatsApp-Image-2026-04-27-at-7.24.19-AM-1024x576.jpeg 1024w, https:\/\/mediagroup.mx\/wp-content\/uploads\/2026\/04\/WhatsApp-Image-2026-04-27-at-7.24.19-AM-768x432.jpeg 768w, https:\/\/mediagroup.mx\/wp-content\/uploads\/2026\/04\/WhatsApp-Image-2026-04-27-at-7.24.19-AM-1536x864.jpeg 1536w, https:\/\/mediagroup.mx\/wp-content\/uploads\/2026\/04\/WhatsApp-Image-2026-04-27-at-7.24.19-AM-150x84.jpeg 150w, https:\/\/mediagroup.mx\/wp-content\/uploads\/2026\/04\/WhatsApp-Image-2026-04-27-at-7.24.19-AM-696x392.jpeg 696w, https:\/\/mediagroup.mx\/wp-content\/uploads\/2026\/04\/WhatsApp-Image-2026-04-27-at-7.24.19-AM-1068x601.jpeg 1068w, https:\/\/mediagroup.mx\/wp-content\/uploads\/2026\/04\/WhatsApp-Image-2026-04-27-at-7.24.19-AM.jpeg 1600w\" sizes=\"auto, (max-width: 300px) 100vw, 300px\" \/> <img loading=\"lazy\" decoding=\"async\" class=\"alignnone size-medium wp-image-91422\" src=\"https:\/\/mediagroup.mx\/wp-content\/uploads\/2026\/04\/WhatsApp-Image-2026-04-27-at-7.24.18-AM-1-300x169.jpeg\" alt=\"\" width=\"300\" height=\"169\" srcset=\"https:\/\/mediagroup.mx\/wp-content\/uploads\/2026\/04\/WhatsApp-Image-2026-04-27-at-7.24.18-AM-1-300x169.jpeg 300w, https:\/\/mediagroup.mx\/wp-content\/uploads\/2026\/04\/WhatsApp-Image-2026-04-27-at-7.24.18-AM-1-1024x576.jpeg 1024w, https:\/\/mediagroup.mx\/wp-content\/uploads\/2026\/04\/WhatsApp-Image-2026-04-27-at-7.24.18-AM-1-768x432.jpeg 768w, https:\/\/mediagroup.mx\/wp-content\/uploads\/2026\/04\/WhatsApp-Image-2026-04-27-at-7.24.18-AM-1-150x84.jpeg 150w, https:\/\/mediagroup.mx\/wp-content\/uploads\/2026\/04\/WhatsApp-Image-2026-04-27-at-7.24.18-AM-1-696x392.jpeg 696w, https:\/\/mediagroup.mx\/wp-content\/uploads\/2026\/04\/WhatsApp-Image-2026-04-27-at-7.24.18-AM-1-1068x601.jpeg 1068w, https:\/\/mediagroup.mx\/wp-content\/uploads\/2026\/04\/WhatsApp-Image-2026-04-27-at-7.24.18-AM-1.jpeg 1280w\" sizes=\"auto, (max-width: 300px) 100vw, 300px\" \/> <img loading=\"lazy\" decoding=\"async\" class=\"alignnone size-medium wp-image-91423\" src=\"https:\/\/mediagroup.mx\/wp-content\/uploads\/2026\/04\/WhatsApp-Image-2026-04-27-at-7.24.18-AM-300x169.jpeg\" alt=\"\" width=\"300\" height=\"169\" srcset=\"https:\/\/mediagroup.mx\/wp-content\/uploads\/2026\/04\/WhatsApp-Image-2026-04-27-at-7.24.18-AM-300x169.jpeg 300w, https:\/\/mediagroup.mx\/wp-content\/uploads\/2026\/04\/WhatsApp-Image-2026-04-27-at-7.24.18-AM-1024x576.jpeg 1024w, https:\/\/mediagroup.mx\/wp-content\/uploads\/2026\/04\/WhatsApp-Image-2026-04-27-at-7.24.18-AM-768x432.jpeg 768w, https:\/\/mediagroup.mx\/wp-content\/uploads\/2026\/04\/WhatsApp-Image-2026-04-27-at-7.24.18-AM-1536x864.jpeg 1536w, https:\/\/mediagroup.mx\/wp-content\/uploads\/2026\/04\/WhatsApp-Image-2026-04-27-at-7.24.18-AM-150x84.jpeg 150w, https:\/\/mediagroup.mx\/wp-content\/uploads\/2026\/04\/WhatsApp-Image-2026-04-27-at-7.24.18-AM-696x391.jpeg 696w, https:\/\/mediagroup.mx\/wp-content\/uploads\/2026\/04\/WhatsApp-Image-2026-04-27-at-7.24.18-AM-1068x600.jpeg 1068w, https:\/\/mediagroup.mx\/wp-content\/uploads\/2026\/04\/WhatsApp-Image-2026-04-27-at-7.24.18-AM.jpeg 1599w\" sizes=\"auto, (max-width: 300px) 100vw, 300px\" \/><\/p>\n","protected":false},"excerpt":{"rendered":"<p>RED 113 MICHOAC\u00c1N\/Redacci\u00f3n Jacona, Mich.- 27 de abril de 2026.- Un hombre result\u00f3 con al menos ocho lesiones en distintas partes de su humanidad, tras ser atacado con disparos de arma de fuego, en la colonia Los Manguitos, perteneciente al municipio de Jacona. Por la informaci\u00f3n recabada en la cobertura noticiosa se pudo conocer que [&hellip;]<\/p>\n","protected":false},"author":2,"featured_media":91423,"comment_status":"closed","ping_status":"closed","sticky":false,"template":"","format":"standard","meta":{"om_disable_all_campaigns":false,"_monsterinsights_skip_tracking":false,"_monsterinsights_sitenote_active":false,"_monsterinsights_sitenote_note":"","_monsterinsights_sitenote_category":0,"_uf_show_specific_survey":0,"_uf_disable_surveys":false,"_jetpack_memberships_contains_paid_content":false,"footnotes":"","jetpack_publicize_message":"Hombre grave tras ser baleado 8 veces, en Jacona","jetpack_publicize_feature_enabled":true,"jetpack_social_post_already_shared":true,"jetpack_social_options":{"image_generator_settings":{"template":"highway","default_image_id":0,"enabled":false},"version":2}},"categories":[36],"tags":[],"class_list":{"0":"post-91420","1":"post","2":"type-post","3":"status-publish","4":"format-standard","5":"has-post-thumbnail","7":"category-michoacanseguridad"},"aioseo_notices":[],"jetpack_publicize_connections":[],"jetpack_featured_media_url":"https:\/\/mediagroup.mx\/wp-content\/uploads\/2026\/04\/WhatsApp-Image-2026-04-27-at-7.24.18-AM.jpeg","jetpack_sharing_enabled":true,"_links":{"self":[{"href":"https:\/\/mediagroup.mx\/index.php\/wp-json\/wp\/v2\/posts\/91420","targetHints":{"allow":["GET"]}}],"collection":[{"href":"https:\/\/mediagroup.mx\/index.php\/wp-json\/wp\/v2\/posts"}],"about":[{"href":"https:\/\/mediagroup.mx\/index.php\/wp-json\/wp\/v2\/types\/post"}],"author":[{"embeddable":true,"href":"https:\/\/mediagroup.mx\/index.php\/wp-json\/wp\/v2\/users\/2"}],"replies":[{"embeddable":true,"href":"https:\/\/mediagroup.mx\/index.php\/wp-json\/wp\/v2\/comments?post=91420"}],"version-history":[{"count":1,"href":"https:\/\/mediagroup.mx\/index.php\/wp-json\/wp\/v2\/posts\/91420\/revisions"}],"predecessor-version":[{"id":91424,"href":"https:\/\/mediagroup.mx\/index.php\/wp-json\/wp\/v2\/posts\/91420\/revisions\/91424"}],"wp:featuredmedia":[{"embeddable":true,"href":"https:\/\/mediagroup.mx\/index.php\/wp-json\/wp\/v2\/media\/91423"}],"wp:attachment":[{"href":"https:\/\/mediagroup.mx\/index.php\/wp-json\/wp\/v2\/media?parent=91420"}],"wp:term":[{"taxonomy":"category","embeddable":true,"href":"https:\/\/mediagroup.mx\/index.php\/wp-json\/wp\/v2\/categories?post=91420"},{"taxonomy":"post_tag","embeddable":true,"href":"https:\/\/mediagroup.mx\/index.php\/wp-json\/wp\/v2\/tags?post=91420"}],"curies":[{"name":"wp","href":"https:\/\/api.w.org\/{rel}","templated":true}]}}