{"id":91445,"date":"2026-04-27T15:44:41","date_gmt":"2026-04-27T21:44:41","guid":{"rendered":"https:\/\/mediagroup.mx\/?p=91445"},"modified":"2026-04-27T15:44:41","modified_gmt":"2026-04-27T21:44:41","slug":"caballos-bailadores-tortura-disfrazada-de-cultura-acusan-colectivos-arremeten-contra-propuesta-de-brissa-arroyo","status":"publish","type":"post","link":"https:\/\/mediagroup.mx\/index.php\/2026\/04\/27\/caballos-bailadores-tortura-disfrazada-de-cultura-acusan-colectivos-arremeten-contra-propuesta-de-brissa-arroyo\/","title":{"rendered":"\u00a0\u201cCaballos bailadores\u201d: tortura disfrazada de cultura, acusan colectivos; arremeten contra propuesta de Brissa Arroyo"},"content":{"rendered":"<p>Morelia, Michoac\u00e1n, a 27 de abril de 2026.- Asociaciones protectoras de animales rechazaron de manera categ\u00f3rica la propuesta de declarar como patrimonio cultural a los llamados \u201ccaballos bailadores\u201d, al sostener que se trata de una pr\u00e1ctica basada en el maltrato animal y no en la preservaci\u00f3n cultural.<\/p>\n<p>El Colectivo Estatal Animalista de Michoac\u00e1n (CEAM) llam\u00f3 a la legisladora a informarse con responsabilidad y a cuestionar si una tradici\u00f3n que implica sufrimiento debe mantenerse bajo el argumento cultural, advirtiendo que normalizar este tipo de pr\u00e1cticas perpet\u00faa la violencia contra los animales.<\/p>\n<p>Melissa D\u00e1valos, integrante del colectivo Michoac\u00e1n sin Tauromaquia, expres\u00f3 un rechazo absoluto a la iniciativa promovida por la diputada del partido aurinegro, Brissa Arroyo, la cual \u2014se\u00f1al\u00f3\u2014 intenta presentarse como una medida de protecci\u00f3n cuando en realidad encubre pr\u00e1cticas de abuso.<\/p>\n<p>\u201cA la diputada no le interesan los animales, su inter\u00e9s real son los votos, ya que cuando la buscamos diversos grupos para que apoyara la abolici\u00f3n de la tauromaquia, en todas las reuniones se mostraba preocupada por los seres sintientes, mencionaba que le interesaban los animales, sin embargo, cuando lleg\u00f3 el momento de la votaci\u00f3n, decidi\u00f3 abstenerse\u201d, manifest\u00f3.<\/p>\n<p>D\u00e1valos calific\u00f3 la postura de la legisladora como incongruente, al considerar que utiliza el discurso animalista \u00fanicamente cuando resulta pol\u00edticamente conveniente, sin traducirse en acciones reales a favor del bienestar animal.<\/p>\n<p>Asimismo, explic\u00f3 que los llamados caballos bailadores son sometidos a entrenamientos coercitivos, en los que predominan castigos, presi\u00f3n f\u00edsica y condicionamiento mediante dolor o miedo, pr\u00e1cticas que \u2014afirm\u00f3\u2014 evidencian un esquema de tortura y no de cuidado animal.<\/p>\n<p>\u00abNing\u00fan caballo ha aprendido esa pr\u00e1ctica sin ser sometido a dolor miedo y castigos\u00bb, afirm\u00f3.<\/p>\n<p>Por su parte, Carlos Maya Cordero, integrante de la Asociaci\u00f3n de Abogados Animalistas de M\u00e9xico (ASAAM), advirti\u00f3 que la historia ha demostrado que diversas tradiciones, como la tauromaquia, han sido progresivamente cuestionadas y limitadas por su incompatibilidad con los est\u00e1ndares \u00e9ticos contempor\u00e1neos.<\/p>\n<p>\u201cDeclarar esta actividad como patrimonio cultural brindar\u00eda protecci\u00f3n frente a futuras regulaciones, dificultar\u00eda su cuestionamiento social y enviar\u00eda un mensaje institucional de tolerancia hacia el uso de animales como instrumento de entretenimiento\u201d, afirm\u00f3.<\/p>\n<p>El especialista en derecho animal, subray\u00f3 que el concepto de patrimonio cultural no puede utilizarse como un escudo para frenar el avance de los derechos de los animales, ni para legitimar pr\u00e1cticas que atentan contra su integridad.<\/p>\n<p>En ese mismo sentido, reiteraron que insistir\u00e1n \u201chasta el cansancio\u201d en que ninguna expresi\u00f3n cultural puede justificarse si implica tortura hacia seres vivos, subrayando que continuar\u00e1n su lucha contra cualquier forma de explotaci\u00f3n animal con fines de entretenimiento.<\/p>\n<p>Los activistas dejaron en claro que, no permitir\u00e1n que de ninguna forma se retroceda en el avance que se ha tenido en Michoac\u00e1n en favor de los derechos de los animales y que se utilice la causa meramente con intereses electorales.<\/p>\n<p><img loading=\"lazy\" decoding=\"async\" class=\"alignnone size-medium wp-image-91432\" src=\"https:\/\/mediagroup.mx\/wp-content\/uploads\/2026\/04\/WhatsApp-Image-2026-04-27-at-2.36.33-PM-1-300x300.jpeg\" alt=\"\" width=\"300\" height=\"300\" srcset=\"https:\/\/mediagroup.mx\/wp-content\/uploads\/2026\/04\/WhatsApp-Image-2026-04-27-at-2.36.33-PM-1-300x300.jpeg 300w, https:\/\/mediagroup.mx\/wp-content\/uploads\/2026\/04\/WhatsApp-Image-2026-04-27-at-2.36.33-PM-1-150x150.jpeg 150w, https:\/\/mediagroup.mx\/wp-content\/uploads\/2026\/04\/WhatsApp-Image-2026-04-27-at-2.36.33-PM-1-768x768.jpeg 768w, https:\/\/mediagroup.mx\/wp-content\/uploads\/2026\/04\/WhatsApp-Image-2026-04-27-at-2.36.33-PM-1-696x696.jpeg 696w, https:\/\/mediagroup.mx\/wp-content\/uploads\/2026\/04\/WhatsApp-Image-2026-04-27-at-2.36.33-PM-1.jpeg 960w\" sizes=\"auto, (max-width: 300px) 100vw, 300px\" \/><\/p>\n","protected":false},"excerpt":{"rendered":"<p>Morelia, Michoac\u00e1n, a 27 de abril de 2026.- Asociaciones protectoras de animales rechazaron de manera categ\u00f3rica la propuesta de declarar como patrimonio cultural a los llamados \u201ccaballos bailadores\u201d, al sostener que se trata de una pr\u00e1ctica basada en el maltrato animal y no en la preservaci\u00f3n cultural. El Colectivo Estatal Animalista de Michoac\u00e1n (CEAM) llam\u00f3 [&hellip;]<\/p>\n","protected":false},"author":2,"featured_media":91432,"comment_status":"closed","ping_status":"closed","sticky":false,"template":"","format":"standard","meta":{"om_disable_all_campaigns":false,"_monsterinsights_skip_tracking":false,"_monsterinsights_sitenote_active":false,"_monsterinsights_sitenote_note":"","_monsterinsights_sitenote_category":0,"_uf_show_specific_survey":0,"_uf_disable_surveys":false,"_jetpack_memberships_contains_paid_content":false,"footnotes":"","jetpack_publicize_message":"\u201cCaballos bailadores\u201d: tortura disfrazada de cultura, acusan colectivos; arremeten contra propuesta de Brissa Arroyo","jetpack_publicize_feature_enabled":true,"jetpack_social_post_already_shared":true,"jetpack_social_options":{"image_generator_settings":{"template":"highway","default_image_id":0,"enabled":false},"version":2}},"categories":[15],"tags":[592,591,45],"class_list":{"0":"post-91445","1":"post","2":"type-post","3":"status-publish","4":"format-standard","5":"has-post-thumbnail","7":"category-michoacan","8":"tag-caballos-bailadores","9":"tag-ceam","10":"tag-michoacan"},"aioseo_notices":[],"jetpack_publicize_connections":[],"jetpack_featured_media_url":"https:\/\/mediagroup.mx\/wp-content\/uploads\/2026\/04\/WhatsApp-Image-2026-04-27-at-2.36.33-PM-1.jpeg","jetpack_sharing_enabled":true,"_links":{"self":[{"href":"https:\/\/mediagroup.mx\/index.php\/wp-json\/wp\/v2\/posts\/91445","targetHints":{"allow":["GET"]}}],"collection":[{"href":"https:\/\/mediagroup.mx\/index.php\/wp-json\/wp\/v2\/posts"}],"about":[{"href":"https:\/\/mediagroup.mx\/index.php\/wp-json\/wp\/v2\/types\/post"}],"author":[{"embeddable":true,"href":"https:\/\/mediagroup.mx\/index.php\/wp-json\/wp\/v2\/users\/2"}],"replies":[{"embeddable":true,"href":"https:\/\/mediagroup.mx\/index.php\/wp-json\/wp\/v2\/comments?post=91445"}],"version-history":[{"count":1,"href":"https:\/\/mediagroup.mx\/index.php\/wp-json\/wp\/v2\/posts\/91445\/revisions"}],"predecessor-version":[{"id":91446,"href":"https:\/\/mediagroup.mx\/index.php\/wp-json\/wp\/v2\/posts\/91445\/revisions\/91446"}],"wp:featuredmedia":[{"embeddable":true,"href":"https:\/\/mediagroup.mx\/index.php\/wp-json\/wp\/v2\/media\/91432"}],"wp:attachment":[{"href":"https:\/\/mediagroup.mx\/index.php\/wp-json\/wp\/v2\/media?parent=91445"}],"wp:term":[{"taxonomy":"category","embeddable":true,"href":"https:\/\/mediagroup.mx\/index.php\/wp-json\/wp\/v2\/categories?post=91445"},{"taxonomy":"post_tag","embeddable":true,"href":"https:\/\/mediagroup.mx\/index.php\/wp-json\/wp\/v2\/tags?post=91445"}],"curies":[{"name":"wp","href":"https:\/\/api.w.org\/{rel}","templated":true}]}}