{"id":91450,"date":"2026-04-27T16:55:43","date_gmt":"2026-04-27T22:55:43","guid":{"rendered":"https:\/\/mediagroup.mx\/?p=91450"},"modified":"2026-04-27T16:55:43","modified_gmt":"2026-04-27T22:55:43","slug":"volcadura-de-camioneta-deja-un-herido-en-la-morelia-patzcuaro","status":"publish","type":"post","link":"https:\/\/mediagroup.mx\/index.php\/2026\/04\/27\/volcadura-de-camioneta-deja-un-herido-en-la-morelia-patzcuaro\/","title":{"rendered":"Volcadura de camioneta deja un herido en la Morelia-P\u00e1tzcuaro"},"content":{"rendered":"<p>RED 113 MICHOAC\u00c1N\/ Redacci\u00f3n<\/p>\n<p>Morelia, Mich.-Lunes 27 de abril de 2026.- Un hombre result\u00f3 lesionado tras la volcadura de una camioneta sobre la carretera Morelia-P\u00e1tzcuaro; la unidad termin\u00f3 siniestrada sobre la ciclov\u00eda, informaron fuentes de rescate.<\/p>\n<p>El accidente se registr\u00f3 durante la tarde de este lunes a la altura de la colonia El Reparo y fue reportado al n\u00famero de emergencias 911. Despu\u00e9s acudieron bomberos de la Coordinaci\u00f3n Estatal de Protecci\u00f3n Civil Michoac\u00e1n (CEPCM), quienes atendieron al tripulante del referido veh\u00edculo.<\/p>\n<p>Asimismo, unos agentes de Tr\u00e1nsito se encargaron del peritaje correspondiente y solicitaron una gr\u00faa para retirar la pick up siniestrada, la cual fue llevada a un corral\u00f3n.<\/p>\n<p><img loading=\"lazy\" decoding=\"async\" class=\"alignnone size-medium wp-image-91451\" src=\"https:\/\/mediagroup.mx\/wp-content\/uploads\/2026\/04\/WhatsApp-Image-2026-04-27-at-4.34.18-PM-300x169.jpeg\" alt=\"\" width=\"300\" height=\"169\" srcset=\"https:\/\/mediagroup.mx\/wp-content\/uploads\/2026\/04\/WhatsApp-Image-2026-04-27-at-4.34.18-PM-300x169.jpeg 300w, https:\/\/mediagroup.mx\/wp-content\/uploads\/2026\/04\/WhatsApp-Image-2026-04-27-at-4.34.18-PM-1024x576.jpeg 1024w, https:\/\/mediagroup.mx\/wp-content\/uploads\/2026\/04\/WhatsApp-Image-2026-04-27-at-4.34.18-PM-768x432.jpeg 768w, https:\/\/mediagroup.mx\/wp-content\/uploads\/2026\/04\/WhatsApp-Image-2026-04-27-at-4.34.18-PM-1536x864.jpeg 1536w, https:\/\/mediagroup.mx\/wp-content\/uploads\/2026\/04\/WhatsApp-Image-2026-04-27-at-4.34.18-PM-150x84.jpeg 150w, https:\/\/mediagroup.mx\/wp-content\/uploads\/2026\/04\/WhatsApp-Image-2026-04-27-at-4.34.18-PM-696x392.jpeg 696w, https:\/\/mediagroup.mx\/wp-content\/uploads\/2026\/04\/WhatsApp-Image-2026-04-27-at-4.34.18-PM-1068x601.jpeg 1068w, https:\/\/mediagroup.mx\/wp-content\/uploads\/2026\/04\/WhatsApp-Image-2026-04-27-at-4.34.18-PM.jpeg 1600w\" sizes=\"auto, (max-width: 300px) 100vw, 300px\" \/><\/p>\n","protected":false},"excerpt":{"rendered":"<p>RED 113 MICHOAC\u00c1N\/ Redacci\u00f3n Morelia, Mich.-Lunes 27 de abril de 2026.- Un hombre result\u00f3 lesionado tras la volcadura de una camioneta sobre la carretera Morelia-P\u00e1tzcuaro; la unidad termin\u00f3 siniestrada sobre la ciclov\u00eda, informaron fuentes de rescate. El accidente se registr\u00f3 durante la tarde de este lunes a la altura de la colonia El Reparo y [&hellip;]<\/p>\n","protected":false},"author":2,"featured_media":91451,"comment_status":"closed","ping_status":"closed","sticky":false,"template":"","format":"standard","meta":{"om_disable_all_campaigns":false,"_monsterinsights_skip_tracking":false,"_monsterinsights_sitenote_active":false,"_monsterinsights_sitenote_note":"","_monsterinsights_sitenote_category":0,"_uf_show_specific_survey":0,"_uf_disable_surveys":false,"_jetpack_memberships_contains_paid_content":false,"footnotes":"","jetpack_publicize_message":"Volcadura de camioneta deja un herido en la Morelia-P\u00e1tzcuaro\r\n\r\n  + El veh\u00edculo qued\u00f3 siniestrado en la ciclov\u00eda.","jetpack_publicize_feature_enabled":true,"jetpack_social_post_already_shared":true,"jetpack_social_options":{"image_generator_settings":{"template":"highway","default_image_id":0,"enabled":false},"version":2}},"categories":[15],"tags":[164,237,439],"class_list":{"0":"post-91450","1":"post","2":"type-post","3":"status-publish","4":"format-standard","5":"has-post-thumbnail","7":"category-michoacan","8":"tag-accidente","9":"tag-carretera","10":"tag-volcadura"},"aioseo_notices":[],"jetpack_publicize_connections":[],"jetpack_featured_media_url":"https:\/\/mediagroup.mx\/wp-content\/uploads\/2026\/04\/WhatsApp-Image-2026-04-27-at-4.34.18-PM.jpeg","jetpack_sharing_enabled":true,"_links":{"self":[{"href":"https:\/\/mediagroup.mx\/index.php\/wp-json\/wp\/v2\/posts\/91450","targetHints":{"allow":["GET"]}}],"collection":[{"href":"https:\/\/mediagroup.mx\/index.php\/wp-json\/wp\/v2\/posts"}],"about":[{"href":"https:\/\/mediagroup.mx\/index.php\/wp-json\/wp\/v2\/types\/post"}],"author":[{"embeddable":true,"href":"https:\/\/mediagroup.mx\/index.php\/wp-json\/wp\/v2\/users\/2"}],"replies":[{"embeddable":true,"href":"https:\/\/mediagroup.mx\/index.php\/wp-json\/wp\/v2\/comments?post=91450"}],"version-history":[{"count":1,"href":"https:\/\/mediagroup.mx\/index.php\/wp-json\/wp\/v2\/posts\/91450\/revisions"}],"predecessor-version":[{"id":91452,"href":"https:\/\/mediagroup.mx\/index.php\/wp-json\/wp\/v2\/posts\/91450\/revisions\/91452"}],"wp:featuredmedia":[{"embeddable":true,"href":"https:\/\/mediagroup.mx\/index.php\/wp-json\/wp\/v2\/media\/91451"}],"wp:attachment":[{"href":"https:\/\/mediagroup.mx\/index.php\/wp-json\/wp\/v2\/media?parent=91450"}],"wp:term":[{"taxonomy":"category","embeddable":true,"href":"https:\/\/mediagroup.mx\/index.php\/wp-json\/wp\/v2\/categories?post=91450"},{"taxonomy":"post_tag","embeddable":true,"href":"https:\/\/mediagroup.mx\/index.php\/wp-json\/wp\/v2\/tags?post=91450"}],"curies":[{"name":"wp","href":"https:\/\/api.w.org\/{rel}","templated":true}]}}