{"id":91461,"date":"2026-04-28T13:28:31","date_gmt":"2026-04-28T19:28:31","guid":{"rendered":"https:\/\/mediagroup.mx\/?p=91461"},"modified":"2026-04-28T13:28:31","modified_gmt":"2026-04-28T19:28:31","slug":"cable-de-la-cfe-es-reventado-y-genera-cortocircuito-en-la-avenida-lazaro-cardenas-de-morelia","status":"publish","type":"post","link":"https:\/\/mediagroup.mx\/index.php\/2026\/04\/28\/cable-de-la-cfe-es-reventado-y-genera-cortocircuito-en-la-avenida-lazaro-cardenas-de-morelia\/","title":{"rendered":"Cable de la CFE es reventado y genera cortocircuito en la avenida L\u00e1zaro C\u00e1rdenas de Morelia"},"content":{"rendered":"<p>RED 113 MICHOAC\u00c1N\/ Redacci\u00f3n<\/p>\n<p>Morelia, Mich.- Martes 28 de marzo de 2026.- Un cable de la Comisi\u00f3n Federal de Electricidad (CFE) fue reventado y provoc\u00f3 un cortocircuito, hecho que sucedi\u00f3 sobre la avenida L\u00e1zaro C\u00e1rdenas, en Morelia. De manera extraoficial, se inform\u00f3 que presuntamente un veh\u00edculo de grandes dimensiones se ator\u00f3 con el cable y ocasion\u00f3 el incidente.<\/p>\n<p>Lo anterior se registr\u00f3 durante la ma\u00f1ana de este martes, a la altura de la colonia Chapultepec Sur, frente a la Universidad Montrer, y fue reportado por varios ciudadanos al n\u00famero de emergencias. Por fortuna, no hubo personas lesionadas.<\/p>\n<p>Al lugar arribaron patrulleros municipales, quienes cerraron temporalmente la vialidad y desviaron los automotores por rutas alternas. Los uniformados solicitaron la intervenci\u00f3n de trabajadores de la CFE, a fin de realizar las acciones correspondientes.<\/p>\n<div style=\"width: 464px;\" class=\"wp-video\"><video class=\"wp-video-shortcode\" id=\"video-91461-1\" width=\"464\" height=\"832\" preload=\"metadata\" controls=\"controls\"><source type=\"video\/mp4\" src=\"https:\/\/mediagroup.mx\/wp-content\/uploads\/2026\/04\/WhatsApp-Video-2026-04-28-at-12.24.03-PM.mp4?_=1\" \/><a href=\"https:\/\/mediagroup.mx\/wp-content\/uploads\/2026\/04\/WhatsApp-Video-2026-04-28-at-12.24.03-PM.mp4\">https:\/\/mediagroup.mx\/wp-content\/uploads\/2026\/04\/WhatsApp-Video-2026-04-28-at-12.24.03-PM.mp4<\/a><\/video><\/div>\n<p><img loading=\"lazy\" decoding=\"async\" class=\"alignnone size-medium wp-image-91463\" src=\"https:\/\/mediagroup.mx\/wp-content\/uploads\/2026\/04\/WhatsApp-Image-2026-04-28-at-12.24.02-PM-1-169x300.jpeg\" alt=\"\" width=\"169\" height=\"300\" srcset=\"https:\/\/mediagroup.mx\/wp-content\/uploads\/2026\/04\/WhatsApp-Image-2026-04-28-at-12.24.02-PM-1-169x300.jpeg 169w, https:\/\/mediagroup.mx\/wp-content\/uploads\/2026\/04\/WhatsApp-Image-2026-04-28-at-12.24.02-PM-1-150x267.jpeg 150w, https:\/\/mediagroup.mx\/wp-content\/uploads\/2026\/04\/WhatsApp-Image-2026-04-28-at-12.24.02-PM-1-300x533.jpeg 300w, https:\/\/mediagroup.mx\/wp-content\/uploads\/2026\/04\/WhatsApp-Image-2026-04-28-at-12.24.02-PM-1.jpeg 478w\" sizes=\"auto, (max-width: 169px) 100vw, 169px\" \/> <img loading=\"lazy\" decoding=\"async\" class=\"alignnone size-medium wp-image-91464\" src=\"https:\/\/mediagroup.mx\/wp-content\/uploads\/2026\/04\/WhatsApp-Image-2026-04-28-at-12.24.02-PM-167x300.jpeg\" alt=\"\" width=\"167\" height=\"300\" srcset=\"https:\/\/mediagroup.mx\/wp-content\/uploads\/2026\/04\/WhatsApp-Image-2026-04-28-at-12.24.02-PM-167x300.jpeg 167w, https:\/\/mediagroup.mx\/wp-content\/uploads\/2026\/04\/WhatsApp-Image-2026-04-28-at-12.24.02-PM-150x269.jpeg 150w, https:\/\/mediagroup.mx\/wp-content\/uploads\/2026\/04\/WhatsApp-Image-2026-04-28-at-12.24.02-PM-300x538.jpeg 300w, https:\/\/mediagroup.mx\/wp-content\/uploads\/2026\/04\/WhatsApp-Image-2026-04-28-at-12.24.02-PM.jpeg 464w\" sizes=\"auto, (max-width: 167px) 100vw, 167px\" \/><\/p>\n","protected":false},"excerpt":{"rendered":"<p>RED 113 MICHOAC\u00c1N\/ Redacci\u00f3n Morelia, Mich.- Martes 28 de marzo de 2026.- Un cable de la Comisi\u00f3n Federal de Electricidad (CFE) fue reventado y provoc\u00f3 un cortocircuito, hecho que sucedi\u00f3 sobre la avenida L\u00e1zaro C\u00e1rdenas, en Morelia. De manera extraoficial, se inform\u00f3 que presuntamente un veh\u00edculo de grandes dimensiones se ator\u00f3 con el cable y [&hellip;]<\/p>\n","protected":false},"author":2,"featured_media":91464,"comment_status":"closed","ping_status":"closed","sticky":false,"template":"","format":"standard","meta":{"om_disable_all_campaigns":false,"_monsterinsights_skip_tracking":false,"_monsterinsights_sitenote_active":false,"_monsterinsights_sitenote_note":"","_monsterinsights_sitenote_category":0,"_uf_show_specific_survey":0,"_uf_disable_surveys":false,"_jetpack_memberships_contains_paid_content":false,"footnotes":"","jetpack_publicize_message":"Cable de la CFE es reventado y genera cortocircuito en la avenida L\u00e1zaro C\u00e1rdenas de Morelia\r\n\r\n+ No hubo lesionados.","jetpack_publicize_feature_enabled":true,"jetpack_social_post_already_shared":true,"jetpack_social_options":{"image_generator_settings":{"template":"highway","default_image_id":0,"enabled":false},"version":2}},"categories":[28],"tags":[],"class_list":{"0":"post-91461","1":"post","2":"type-post","3":"status-publish","4":"format-standard","5":"has-post-thumbnail","7":"category-moreliaseguridad"},"aioseo_notices":[],"jetpack_publicize_connections":[],"jetpack_featured_media_url":"https:\/\/mediagroup.mx\/wp-content\/uploads\/2026\/04\/WhatsApp-Image-2026-04-28-at-12.24.02-PM.jpeg","jetpack_sharing_enabled":true,"_links":{"self":[{"href":"https:\/\/mediagroup.mx\/index.php\/wp-json\/wp\/v2\/posts\/91461","targetHints":{"allow":["GET"]}}],"collection":[{"href":"https:\/\/mediagroup.mx\/index.php\/wp-json\/wp\/v2\/posts"}],"about":[{"href":"https:\/\/mediagroup.mx\/index.php\/wp-json\/wp\/v2\/types\/post"}],"author":[{"embeddable":true,"href":"https:\/\/mediagroup.mx\/index.php\/wp-json\/wp\/v2\/users\/2"}],"replies":[{"embeddable":true,"href":"https:\/\/mediagroup.mx\/index.php\/wp-json\/wp\/v2\/comments?post=91461"}],"version-history":[{"count":1,"href":"https:\/\/mediagroup.mx\/index.php\/wp-json\/wp\/v2\/posts\/91461\/revisions"}],"predecessor-version":[{"id":91465,"href":"https:\/\/mediagroup.mx\/index.php\/wp-json\/wp\/v2\/posts\/91461\/revisions\/91465"}],"wp:featuredmedia":[{"embeddable":true,"href":"https:\/\/mediagroup.mx\/index.php\/wp-json\/wp\/v2\/media\/91464"}],"wp:attachment":[{"href":"https:\/\/mediagroup.mx\/index.php\/wp-json\/wp\/v2\/media?parent=91461"}],"wp:term":[{"taxonomy":"category","embeddable":true,"href":"https:\/\/mediagroup.mx\/index.php\/wp-json\/wp\/v2\/categories?post=91461"},{"taxonomy":"post_tag","embeddable":true,"href":"https:\/\/mediagroup.mx\/index.php\/wp-json\/wp\/v2\/tags?post=91461"}],"curies":[{"name":"wp","href":"https:\/\/api.w.org\/{rel}","templated":true}]}}