{"id":91475,"date":"2026-04-28T13:32:06","date_gmt":"2026-04-28T19:32:06","guid":{"rendered":"https:\/\/mediagroup.mx\/?p=91475"},"modified":"2026-04-28T13:32:06","modified_gmt":"2026-04-28T19:32:06","slug":"hombre-muere-al-volcar-su-vehiculo-en-la-carretera-chilchota-huecato","status":"publish","type":"post","link":"https:\/\/mediagroup.mx\/index.php\/2026\/04\/28\/hombre-muere-al-volcar-su-vehiculo-en-la-carretera-chilchota-huecato\/","title":{"rendered":"Hombre muere al volcar su veh\u00edculo en la carretera Chilchota &#8211; Huecato"},"content":{"rendered":"<p>RED 113 MICHOAC\u00c1N\/Redacci\u00f3n<\/p>\n<p>Chilchota, Mich.- 28 de abril de 2026.- Un hombre perdi\u00f3 la vida a causa de las m\u00faltiples lesiones que sufri\u00f3 al volcar su autom\u00f3vil, en la carretera Chilchota \u2013 Huecato.<\/p>\n<p>El accidente fue reportado al servicio de emergencias, por lo que al sitio se trasladaron param\u00e9dicos de Protecci\u00f3n Civil Municipal, quienes confirmaron el fallecimiento del automovilista.<\/p>\n<p>Elementos de la Guardia Civil y Seguridad Vial aseguraron el \u00e1rea del percance, mientras que personal de la Fiscal\u00eda General del Estado realiz\u00f3 lo conducente para trasladar el cad\u00e1ver al Semefo, en espera de que sea identificado por sus deudos.<\/p>\n<p>Trascendi\u00f3 que la unidad siniestrada corresponde a un veh\u00edculo Volkswagen tipo Bora de color negro, con placas PHL836E de esta entidad federativa, misma que fue enviada al corral\u00f3n oficial.<\/p>\n<p><img loading=\"lazy\" decoding=\"async\" class=\"alignnone size-medium wp-image-91476\" src=\"https:\/\/mediagroup.mx\/wp-content\/uploads\/2026\/04\/WhatsApp-Image-2026-04-28-at-9.09.10-AM-300x135.jpeg\" alt=\"\" width=\"300\" height=\"135\" srcset=\"https:\/\/mediagroup.mx\/wp-content\/uploads\/2026\/04\/WhatsApp-Image-2026-04-28-at-9.09.10-AM-300x135.jpeg 300w, https:\/\/mediagroup.mx\/wp-content\/uploads\/2026\/04\/WhatsApp-Image-2026-04-28-at-9.09.10-AM-1024x461.jpeg 1024w, https:\/\/mediagroup.mx\/wp-content\/uploads\/2026\/04\/WhatsApp-Image-2026-04-28-at-9.09.10-AM-768x346.jpeg 768w, https:\/\/mediagroup.mx\/wp-content\/uploads\/2026\/04\/WhatsApp-Image-2026-04-28-at-9.09.10-AM-1536x691.jpeg 1536w, https:\/\/mediagroup.mx\/wp-content\/uploads\/2026\/04\/WhatsApp-Image-2026-04-28-at-9.09.10-AM-150x68.jpeg 150w, https:\/\/mediagroup.mx\/wp-content\/uploads\/2026\/04\/WhatsApp-Image-2026-04-28-at-9.09.10-AM-696x313.jpeg 696w, https:\/\/mediagroup.mx\/wp-content\/uploads\/2026\/04\/WhatsApp-Image-2026-04-28-at-9.09.10-AM-1068x481.jpeg 1068w, https:\/\/mediagroup.mx\/wp-content\/uploads\/2026\/04\/WhatsApp-Image-2026-04-28-at-9.09.10-AM.jpeg 1600w\" sizes=\"auto, (max-width: 300px) 100vw, 300px\" \/> <img loading=\"lazy\" decoding=\"async\" class=\"alignnone size-medium wp-image-91477\" src=\"https:\/\/mediagroup.mx\/wp-content\/uploads\/2026\/04\/WhatsApp-Image-2026-04-28-at-9.09.09-AM-1-300x135.jpeg\" alt=\"\" width=\"300\" height=\"135\" srcset=\"https:\/\/mediagroup.mx\/wp-content\/uploads\/2026\/04\/WhatsApp-Image-2026-04-28-at-9.09.09-AM-1-300x135.jpeg 300w, https:\/\/mediagroup.mx\/wp-content\/uploads\/2026\/04\/WhatsApp-Image-2026-04-28-at-9.09.09-AM-1-1024x459.jpeg 1024w, https:\/\/mediagroup.mx\/wp-content\/uploads\/2026\/04\/WhatsApp-Image-2026-04-28-at-9.09.09-AM-1-768x344.jpeg 768w, https:\/\/mediagroup.mx\/wp-content\/uploads\/2026\/04\/WhatsApp-Image-2026-04-28-at-9.09.09-AM-1-150x67.jpeg 150w, https:\/\/mediagroup.mx\/wp-content\/uploads\/2026\/04\/WhatsApp-Image-2026-04-28-at-9.09.09-AM-1-696x312.jpeg 696w, https:\/\/mediagroup.mx\/wp-content\/uploads\/2026\/04\/WhatsApp-Image-2026-04-28-at-9.09.09-AM-1-1068x479.jpeg 1068w, https:\/\/mediagroup.mx\/wp-content\/uploads\/2026\/04\/WhatsApp-Image-2026-04-28-at-9.09.09-AM-1.jpeg 1280w\" sizes=\"auto, (max-width: 300px) 100vw, 300px\" \/> <img loading=\"lazy\" decoding=\"async\" class=\"alignnone size-medium wp-image-91478\" src=\"https:\/\/mediagroup.mx\/wp-content\/uploads\/2026\/04\/WhatsApp-Image-2026-04-28-at-9.09.09-AM-300x135.jpeg\" alt=\"\" width=\"300\" height=\"135\" srcset=\"https:\/\/mediagroup.mx\/wp-content\/uploads\/2026\/04\/WhatsApp-Image-2026-04-28-at-9.09.09-AM-300x135.jpeg 300w, https:\/\/mediagroup.mx\/wp-content\/uploads\/2026\/04\/WhatsApp-Image-2026-04-28-at-9.09.09-AM-1024x461.jpeg 1024w, https:\/\/mediagroup.mx\/wp-content\/uploads\/2026\/04\/WhatsApp-Image-2026-04-28-at-9.09.09-AM-768x346.jpeg 768w, https:\/\/mediagroup.mx\/wp-content\/uploads\/2026\/04\/WhatsApp-Image-2026-04-28-at-9.09.09-AM-1536x691.jpeg 1536w, https:\/\/mediagroup.mx\/wp-content\/uploads\/2026\/04\/WhatsApp-Image-2026-04-28-at-9.09.09-AM-150x68.jpeg 150w, https:\/\/mediagroup.mx\/wp-content\/uploads\/2026\/04\/WhatsApp-Image-2026-04-28-at-9.09.09-AM-696x313.jpeg 696w, https:\/\/mediagroup.mx\/wp-content\/uploads\/2026\/04\/WhatsApp-Image-2026-04-28-at-9.09.09-AM-1068x481.jpeg 1068w, https:\/\/mediagroup.mx\/wp-content\/uploads\/2026\/04\/WhatsApp-Image-2026-04-28-at-9.09.09-AM.jpeg 1600w\" sizes=\"auto, (max-width: 300px) 100vw, 300px\" \/><\/p>\n","protected":false},"excerpt":{"rendered":"<p>RED 113 MICHOAC\u00c1N\/Redacci\u00f3n Chilchota, Mich.- 28 de abril de 2026.- Un hombre perdi\u00f3 la vida a causa de las m\u00faltiples lesiones que sufri\u00f3 al volcar su autom\u00f3vil, en la carretera Chilchota \u2013 Huecato. El accidente fue reportado al servicio de emergencias, por lo que al sitio se trasladaron param\u00e9dicos de Protecci\u00f3n Civil Municipal, quienes confirmaron [&hellip;]<\/p>\n","protected":false},"author":2,"featured_media":91477,"comment_status":"closed","ping_status":"closed","sticky":false,"template":"","format":"standard","meta":{"om_disable_all_campaigns":false,"_monsterinsights_skip_tracking":false,"_monsterinsights_sitenote_active":false,"_monsterinsights_sitenote_note":"","_monsterinsights_sitenote_category":0,"_uf_show_specific_survey":0,"_uf_disable_surveys":false,"_jetpack_memberships_contains_paid_content":false,"footnotes":"","jetpack_publicize_message":"Hombre muere al volcar su veh\u00edculo en la carretera Chilchota - Huecato","jetpack_publicize_feature_enabled":true,"jetpack_social_post_already_shared":true,"jetpack_social_options":{"image_generator_settings":{"template":"highway","default_image_id":0,"enabled":false},"version":2}},"categories":[36],"tags":[],"class_list":{"0":"post-91475","1":"post","2":"type-post","3":"status-publish","4":"format-standard","5":"has-post-thumbnail","7":"category-michoacanseguridad"},"aioseo_notices":[],"jetpack_publicize_connections":[],"jetpack_featured_media_url":"https:\/\/mediagroup.mx\/wp-content\/uploads\/2026\/04\/WhatsApp-Image-2026-04-28-at-9.09.09-AM-1.jpeg","jetpack_sharing_enabled":true,"_links":{"self":[{"href":"https:\/\/mediagroup.mx\/index.php\/wp-json\/wp\/v2\/posts\/91475","targetHints":{"allow":["GET"]}}],"collection":[{"href":"https:\/\/mediagroup.mx\/index.php\/wp-json\/wp\/v2\/posts"}],"about":[{"href":"https:\/\/mediagroup.mx\/index.php\/wp-json\/wp\/v2\/types\/post"}],"author":[{"embeddable":true,"href":"https:\/\/mediagroup.mx\/index.php\/wp-json\/wp\/v2\/users\/2"}],"replies":[{"embeddable":true,"href":"https:\/\/mediagroup.mx\/index.php\/wp-json\/wp\/v2\/comments?post=91475"}],"version-history":[{"count":1,"href":"https:\/\/mediagroup.mx\/index.php\/wp-json\/wp\/v2\/posts\/91475\/revisions"}],"predecessor-version":[{"id":91479,"href":"https:\/\/mediagroup.mx\/index.php\/wp-json\/wp\/v2\/posts\/91475\/revisions\/91479"}],"wp:featuredmedia":[{"embeddable":true,"href":"https:\/\/mediagroup.mx\/index.php\/wp-json\/wp\/v2\/media\/91477"}],"wp:attachment":[{"href":"https:\/\/mediagroup.mx\/index.php\/wp-json\/wp\/v2\/media?parent=91475"}],"wp:term":[{"taxonomy":"category","embeddable":true,"href":"https:\/\/mediagroup.mx\/index.php\/wp-json\/wp\/v2\/categories?post=91475"},{"taxonomy":"post_tag","embeddable":true,"href":"https:\/\/mediagroup.mx\/index.php\/wp-json\/wp\/v2\/tags?post=91475"}],"curies":[{"name":"wp","href":"https:\/\/api.w.org\/{rel}","templated":true}]}}