{"id":91491,"date":"2026-04-28T16:36:11","date_gmt":"2026-04-28T22:36:11","guid":{"rendered":"https:\/\/mediagroup.mx\/?p=91491"},"modified":"2026-04-28T16:36:11","modified_gmt":"2026-04-28T22:36:11","slug":"prevencion-que-conecta-mas-de-mil-ninos-ninas-y-jovenes-participan-en-foros-de-ciberseguridad-en-paracho-y-santa-cruz-tanaco","status":"publish","type":"post","link":"https:\/\/mediagroup.mx\/index.php\/2026\/04\/28\/prevencion-que-conecta-mas-de-mil-ninos-ninas-y-jovenes-participan-en-foros-de-ciberseguridad-en-paracho-y-santa-cruz-tanaco\/","title":{"rendered":"Prevenci\u00f3n que conecta: m\u00e1s de mil ni\u00f1os, ni\u00f1as y j\u00f3venes, participan en foros de ciberseguridad en Paracho y Santa Cruz Tanaco"},"content":{"rendered":"<p>Santa Cruz Tanaco, Michoac\u00e1n, a 28 de abril de 2026.- La prevenci\u00f3n no se detiene y hoy avanza con paso firme en las comunidades. Con la participaci\u00f3n de m\u00e1s de mil estudiantes, la Fiscal\u00eda General del Estado de Michoac\u00e1n (FGE) llev\u00f3 a cabo el Foro de Ciberseguridad \u201cDescon\u00e9k-tate, Recon\u00e9k-tate\u201d en el municipio de Paracho y en la poblaci\u00f3n de autogobierno de Santa Cruz Tanaco.<\/p>\n<p>En estos espacios de di\u00e1logo directo, ni\u00f1as, ni\u00f1os, j\u00f3venes, docentes, madres y padres de familia, reflexionaron sobre los riesgos que se encuentran en el entorno digital, pero tambi\u00e9n sobre las decisiones que pueden marcar la diferencia entre ser vulnerables o estar protegidos.<\/p>\n<p>Lejos de ser una charla tradicional, los foros se han consolidado como encuentros din\u00e1micos donde se escucha, se cuestiona y se construyen soluciones colectivas.<\/p>\n<p>Estas actividades se desarrollan como parte de la instrucci\u00f3n y visi\u00f3n impulsada por el Fiscal General del Estado, Carlos Torres Pi\u00f1a, orientada a fortalecer la prevenci\u00f3n desde edades tempranas y acercar herramientas de protecci\u00f3n digital a comunidades escolares y familias, priorizando la formaci\u00f3n y la conciencia social como mecanismos para reducir riesgos y fortalecer la seguridad integral.<\/p>\n<p>Durante las actividades, se abordaron problem\u00e1ticas actuales como el ciberacoso, la extorsi\u00f3n, el robo de identidad y el uso excesivo de la tecnolog\u00eda, fen\u00f3menos que impactan de manera directa en la vida de ni\u00f1as, ni\u00f1os y adolescentes.<\/p>\n<p>A trav\u00e9s de ejemplos reales y lenguaje cercano, se busc\u00f3 generar conciencia sobre la importancia de hacer un uso responsable de redes sociales y dispositivos electr\u00f3nicos.<\/p>\n<p>Estas acciones forman parte de una estrategia integral que prioriza la prevenci\u00f3n como herramienta clave para la construcci\u00f3n de entornos m\u00e1s seguros, llevando informaci\u00f3n \u00fatil y oportuna a donde m\u00e1s se necesita: las comunidades y sus juventudes.<\/p>\n<p>Con cada foro, la Fiscal\u00eda General del Estado refrenda su compromiso de estar presente, escuchar y actuar, fortaleciendo la cultura de la prevenci\u00f3n desde la ra\u00edz y promoviendo una ciudadan\u00eda m\u00e1s informada, cr\u00edtica y resiliente ante los desaf\u00edos del mundo digital.<\/p>\n<p><img loading=\"lazy\" decoding=\"async\" class=\"alignnone size-medium wp-image-91492\" src=\"https:\/\/mediagroup.mx\/wp-content\/uploads\/2026\/04\/WhatsApp-Image-2026-04-28-at-4.24.16-PM-300x200.jpeg\" alt=\"\" width=\"300\" height=\"200\" srcset=\"https:\/\/mediagroup.mx\/wp-content\/uploads\/2026\/04\/WhatsApp-Image-2026-04-28-at-4.24.16-PM-300x200.jpeg 300w, https:\/\/mediagroup.mx\/wp-content\/uploads\/2026\/04\/WhatsApp-Image-2026-04-28-at-4.24.16-PM-1024x683.jpeg 1024w, https:\/\/mediagroup.mx\/wp-content\/uploads\/2026\/04\/WhatsApp-Image-2026-04-28-at-4.24.16-PM-768x512.jpeg 768w, https:\/\/mediagroup.mx\/wp-content\/uploads\/2026\/04\/WhatsApp-Image-2026-04-28-at-4.24.16-PM-150x100.jpeg 150w, https:\/\/mediagroup.mx\/wp-content\/uploads\/2026\/04\/WhatsApp-Image-2026-04-28-at-4.24.16-PM-696x464.jpeg 696w, https:\/\/mediagroup.mx\/wp-content\/uploads\/2026\/04\/WhatsApp-Image-2026-04-28-at-4.24.16-PM-1068x713.jpeg 1068w, https:\/\/mediagroup.mx\/wp-content\/uploads\/2026\/04\/WhatsApp-Image-2026-04-28-at-4.24.16-PM.jpeg 1280w\" sizes=\"auto, (max-width: 300px) 100vw, 300px\" \/><\/p>\n","protected":false},"excerpt":{"rendered":"<p>Santa Cruz Tanaco, Michoac\u00e1n, a 28 de abril de 2026.- La prevenci\u00f3n no se detiene y hoy avanza con paso firme en las comunidades. Con la participaci\u00f3n de m\u00e1s de mil estudiantes, la Fiscal\u00eda General del Estado de Michoac\u00e1n (FGE) llev\u00f3 a cabo el Foro de Ciberseguridad \u201cDescon\u00e9k-tate, Recon\u00e9k-tate\u201d en el municipio de Paracho y [&hellip;]<\/p>\n","protected":false},"author":2,"featured_media":91492,"comment_status":"closed","ping_status":"closed","sticky":false,"template":"","format":"standard","meta":{"om_disable_all_campaigns":false,"_monsterinsights_skip_tracking":false,"_monsterinsights_sitenote_active":false,"_monsterinsights_sitenote_note":"","_monsterinsights_sitenote_category":0,"_uf_show_specific_survey":0,"_uf_disable_surveys":false,"_jetpack_memberships_contains_paid_content":false,"footnotes":"","jetpack_publicize_message":"Prevenci\u00f3n que conecta: m\u00e1s de mil ni\u00f1os, ni\u00f1as y j\u00f3venes, participan en foros de ciberseguridad en Paracho y Santa Cruz Tanaco\r\n\r\nCon estas acciones, Carlos Torres Pi\u00f1a, Fiscal General del Estado, refuerza la prevenci\u00f3n y apuesta por entornos digitales seguros.","jetpack_publicize_feature_enabled":true,"jetpack_social_post_already_shared":true,"jetpack_social_options":{"image_generator_settings":{"template":"highway","default_image_id":0,"enabled":false},"version":2}},"categories":[15],"tags":[357,594],"class_list":{"0":"post-91491","1":"post","2":"type-post","3":"status-publish","4":"format-standard","5":"has-post-thumbnail","7":"category-michoacan","8":"tag-ciberseguridad","9":"tag-prevencion-que-conecta"},"aioseo_notices":[],"jetpack_publicize_connections":[],"jetpack_featured_media_url":"https:\/\/mediagroup.mx\/wp-content\/uploads\/2026\/04\/WhatsApp-Image-2026-04-28-at-4.24.16-PM.jpeg","jetpack_sharing_enabled":true,"_links":{"self":[{"href":"https:\/\/mediagroup.mx\/index.php\/wp-json\/wp\/v2\/posts\/91491","targetHints":{"allow":["GET"]}}],"collection":[{"href":"https:\/\/mediagroup.mx\/index.php\/wp-json\/wp\/v2\/posts"}],"about":[{"href":"https:\/\/mediagroup.mx\/index.php\/wp-json\/wp\/v2\/types\/post"}],"author":[{"embeddable":true,"href":"https:\/\/mediagroup.mx\/index.php\/wp-json\/wp\/v2\/users\/2"}],"replies":[{"embeddable":true,"href":"https:\/\/mediagroup.mx\/index.php\/wp-json\/wp\/v2\/comments?post=91491"}],"version-history":[{"count":1,"href":"https:\/\/mediagroup.mx\/index.php\/wp-json\/wp\/v2\/posts\/91491\/revisions"}],"predecessor-version":[{"id":91493,"href":"https:\/\/mediagroup.mx\/index.php\/wp-json\/wp\/v2\/posts\/91491\/revisions\/91493"}],"wp:featuredmedia":[{"embeddable":true,"href":"https:\/\/mediagroup.mx\/index.php\/wp-json\/wp\/v2\/media\/91492"}],"wp:attachment":[{"href":"https:\/\/mediagroup.mx\/index.php\/wp-json\/wp\/v2\/media?parent=91491"}],"wp:term":[{"taxonomy":"category","embeddable":true,"href":"https:\/\/mediagroup.mx\/index.php\/wp-json\/wp\/v2\/categories?post=91491"},{"taxonomy":"post_tag","embeddable":true,"href":"https:\/\/mediagroup.mx\/index.php\/wp-json\/wp\/v2\/tags?post=91491"}],"curies":[{"name":"wp","href":"https:\/\/api.w.org\/{rel}","templated":true}]}}