{"id":91523,"date":"2026-04-29T11:38:58","date_gmt":"2026-04-29T17:38:58","guid":{"rendered":"https:\/\/mediagroup.mx\/?p=91523"},"modified":"2026-04-29T11:38:58","modified_gmt":"2026-04-29T17:38:58","slug":"peaton-es-ultimado-a-tiros-en-la-colonia-revolucion-de-jacona","status":"publish","type":"post","link":"https:\/\/mediagroup.mx\/index.php\/2026\/04\/29\/peaton-es-ultimado-a-tiros-en-la-colonia-revolucion-de-jacona\/","title":{"rendered":"Peat\u00f3n es ultimado a tiros en la colonia Revoluci\u00f3n de Jacona"},"content":{"rendered":"<p>RED 113 MICHOAC\u00c1N\/Redacci\u00f3n<\/p>\n<p>Jacona, Mich.- 29 de abril de 2026.- Un peat\u00f3n fue asesinado con disparos de arma de fuego, en la v\u00eda p\u00fablica de la colonia Revoluci\u00f3n, perteneciente a este municipio de Jacona. Hasta el momento suman al menos 10 v\u00edctimas de homicidio, durante el mes de abril.<\/p>\n<p>Fue la ma\u00f1ana de este mi\u00e9rcoles, cuando vecinos de la calle L\u00e1zaro C\u00e1rdenas reportaron al n\u00famero de emergencias 911 que se encontraba una persona tirada con heridas sangrantes-<\/p>\n<p>Polic\u00edas Municipales y soldados se movilizaron al lugar junto con param\u00e9dicos de Protecci\u00f3n Civil Municipal, estos \u00faltimos al intentar auxiliar al lesionado, confirmaron que ya no contaba con signos vitales.<\/p>\n<p>La v\u00edctima esta sin identificar, se pudo conocer que se trata de un sujeto de aproximadamente 50 a\u00f1os de edad, mismo que vest\u00eda una sudadera negra con la leyenda \u00abAnti Social Club\u00bb, pantal\u00f3n beige, tenis y gorra negra.<\/p>\n<p>La zona quedo bajo resguardo de los uniformados, para que m\u00e1s tarde personal de la Unidad de Servicios Periciales y Escena del Crimen realizara la recolecci\u00f3n de indicios y de testimonios respectiva.<\/p>\n<p>Hasta el momento suman 10 personas asesinadas, 4 lesionadas, as\u00ed como el hallazgo de dos cad\u00e1veres putrefactos y restos humanos, en 10 distintos hechos ocurridos durante este mes de abril, en Jacona.<br \/>\n03 de abril. Joven herido a balazos en la colonia Salinas de Gortari, Jacona.<br \/>\n05 de abril. Delincuentes matan a tripulante de camioneta, en La Enramada I de Jacona.<br \/>\n06 de abril. Dos muertos tras agresi\u00f3n armada en el Libramiento Sur de Jacona.<br \/>\n10 de abril. En jornada de b\u00fasqueda de personas desaparecidas localizan dos cad\u00e1veres y restos \u00f3seos en cerro de Jacona.<br \/>\n12 de abril. Sube a 5 el n\u00famero de fallecidos tras ataque armado en tienda de Jacona.<br \/>\n12 de abril. De milagro hombre resulta con un roz\u00f3n de bala en el cr\u00e1neo, tras agresi\u00f3n armada en Jacona.<br \/>\n23 de abril. Asesinan a mec\u00e1nico en taller de Jacona.<br \/>\n25 de abril. Sujeto apunta con replica de arma a polic\u00edas, termina herido y detenido.<br \/>\n27 de abril. Hombre grave tras ser baleado 8 veces, en Jacona.<br \/>\n29 de abril. Peat\u00f3n es ultimado a tiros en la colonia Revoluci\u00f3n de Jacona.<\/p>\n<p><img loading=\"lazy\" decoding=\"async\" class=\"alignnone size-medium wp-image-91524\" src=\"https:\/\/mediagroup.mx\/wp-content\/uploads\/2026\/04\/WhatsApp-Image-2026-04-29-at-11.30.43-AM-1-300x169.jpeg\" alt=\"\" width=\"300\" height=\"169\" srcset=\"https:\/\/mediagroup.mx\/wp-content\/uploads\/2026\/04\/WhatsApp-Image-2026-04-29-at-11.30.43-AM-1-300x169.jpeg 300w, https:\/\/mediagroup.mx\/wp-content\/uploads\/2026\/04\/WhatsApp-Image-2026-04-29-at-11.30.43-AM-1-1024x576.jpeg 1024w, https:\/\/mediagroup.mx\/wp-content\/uploads\/2026\/04\/WhatsApp-Image-2026-04-29-at-11.30.43-AM-1-768x432.jpeg 768w, https:\/\/mediagroup.mx\/wp-content\/uploads\/2026\/04\/WhatsApp-Image-2026-04-29-at-11.30.43-AM-1-150x84.jpeg 150w, https:\/\/mediagroup.mx\/wp-content\/uploads\/2026\/04\/WhatsApp-Image-2026-04-29-at-11.30.43-AM-1-696x391.jpeg 696w, https:\/\/mediagroup.mx\/wp-content\/uploads\/2026\/04\/WhatsApp-Image-2026-04-29-at-11.30.43-AM-1-1068x601.jpeg 1068w, https:\/\/mediagroup.mx\/wp-content\/uploads\/2026\/04\/WhatsApp-Image-2026-04-29-at-11.30.43-AM-1.jpeg 1428w\" sizes=\"auto, (max-width: 300px) 100vw, 300px\" \/> <img loading=\"lazy\" decoding=\"async\" class=\"alignnone size-medium wp-image-91525\" src=\"https:\/\/mediagroup.mx\/wp-content\/uploads\/2026\/04\/WhatsApp-Image-2026-04-29-at-11.30.43-AM-300x169.jpeg\" alt=\"\" width=\"300\" height=\"169\" srcset=\"https:\/\/mediagroup.mx\/wp-content\/uploads\/2026\/04\/WhatsApp-Image-2026-04-29-at-11.30.43-AM-300x169.jpeg 300w, https:\/\/mediagroup.mx\/wp-content\/uploads\/2026\/04\/WhatsApp-Image-2026-04-29-at-11.30.43-AM-1024x576.jpeg 1024w, https:\/\/mediagroup.mx\/wp-content\/uploads\/2026\/04\/WhatsApp-Image-2026-04-29-at-11.30.43-AM-768x432.jpeg 768w, https:\/\/mediagroup.mx\/wp-content\/uploads\/2026\/04\/WhatsApp-Image-2026-04-29-at-11.30.43-AM-1536x864.jpeg 1536w, https:\/\/mediagroup.mx\/wp-content\/uploads\/2026\/04\/WhatsApp-Image-2026-04-29-at-11.30.43-AM-150x84.jpeg 150w, https:\/\/mediagroup.mx\/wp-content\/uploads\/2026\/04\/WhatsApp-Image-2026-04-29-at-11.30.43-AM-696x391.jpeg 696w, https:\/\/mediagroup.mx\/wp-content\/uploads\/2026\/04\/WhatsApp-Image-2026-04-29-at-11.30.43-AM-1068x600.jpeg 1068w, https:\/\/mediagroup.mx\/wp-content\/uploads\/2026\/04\/WhatsApp-Image-2026-04-29-at-11.30.43-AM.jpeg 1599w\" sizes=\"auto, (max-width: 300px) 100vw, 300px\" \/><\/p>\n","protected":false},"excerpt":{"rendered":"<p>RED 113 MICHOAC\u00c1N\/Redacci\u00f3n Jacona, Mich.- 29 de abril de 2026.- Un peat\u00f3n fue asesinado con disparos de arma de fuego, en la v\u00eda p\u00fablica de la colonia Revoluci\u00f3n, perteneciente a este municipio de Jacona. Hasta el momento suman al menos 10 v\u00edctimas de homicidio, durante el mes de abril. Fue la ma\u00f1ana de este mi\u00e9rcoles, [&hellip;]<\/p>\n","protected":false},"author":2,"featured_media":91525,"comment_status":"closed","ping_status":"closed","sticky":false,"template":"","format":"standard","meta":{"om_disable_all_campaigns":false,"_monsterinsights_skip_tracking":false,"_monsterinsights_sitenote_active":false,"_monsterinsights_sitenote_note":"","_monsterinsights_sitenote_category":0,"_uf_show_specific_survey":0,"_uf_disable_surveys":false,"_jetpack_memberships_contains_paid_content":false,"footnotes":"","jetpack_publicize_message":"Peat\u00f3n es ultimado a tiros en la colonia Revoluci\u00f3n de Jacona","jetpack_publicize_feature_enabled":true,"jetpack_social_post_already_shared":true,"jetpack_social_options":{"image_generator_settings":{"template":"highway","default_image_id":0,"enabled":false},"version":2}},"categories":[36],"tags":[],"class_list":{"0":"post-91523","1":"post","2":"type-post","3":"status-publish","4":"format-standard","5":"has-post-thumbnail","7":"category-michoacanseguridad"},"aioseo_notices":[],"jetpack_publicize_connections":[],"jetpack_featured_media_url":"https:\/\/mediagroup.mx\/wp-content\/uploads\/2026\/04\/WhatsApp-Image-2026-04-29-at-11.30.43-AM.jpeg","jetpack_sharing_enabled":true,"_links":{"self":[{"href":"https:\/\/mediagroup.mx\/index.php\/wp-json\/wp\/v2\/posts\/91523","targetHints":{"allow":["GET"]}}],"collection":[{"href":"https:\/\/mediagroup.mx\/index.php\/wp-json\/wp\/v2\/posts"}],"about":[{"href":"https:\/\/mediagroup.mx\/index.php\/wp-json\/wp\/v2\/types\/post"}],"author":[{"embeddable":true,"href":"https:\/\/mediagroup.mx\/index.php\/wp-json\/wp\/v2\/users\/2"}],"replies":[{"embeddable":true,"href":"https:\/\/mediagroup.mx\/index.php\/wp-json\/wp\/v2\/comments?post=91523"}],"version-history":[{"count":1,"href":"https:\/\/mediagroup.mx\/index.php\/wp-json\/wp\/v2\/posts\/91523\/revisions"}],"predecessor-version":[{"id":91526,"href":"https:\/\/mediagroup.mx\/index.php\/wp-json\/wp\/v2\/posts\/91523\/revisions\/91526"}],"wp:featuredmedia":[{"embeddable":true,"href":"https:\/\/mediagroup.mx\/index.php\/wp-json\/wp\/v2\/media\/91525"}],"wp:attachment":[{"href":"https:\/\/mediagroup.mx\/index.php\/wp-json\/wp\/v2\/media?parent=91523"}],"wp:term":[{"taxonomy":"category","embeddable":true,"href":"https:\/\/mediagroup.mx\/index.php\/wp-json\/wp\/v2\/categories?post=91523"},{"taxonomy":"post_tag","embeddable":true,"href":"https:\/\/mediagroup.mx\/index.php\/wp-json\/wp\/v2\/tags?post=91523"}],"curies":[{"name":"wp","href":"https:\/\/api.w.org\/{rel}","templated":true}]}}