{"id":91537,"date":"2026-04-29T14:20:07","date_gmt":"2026-04-29T20:20:07","guid":{"rendered":"https:\/\/mediagroup.mx\/?p=91537"},"modified":"2026-04-29T14:20:07","modified_gmt":"2026-04-29T20:20:07","slug":"alexis-velazquez-impulsa-el-campo-con-el-arranque-de-siembra-productiva","status":"publish","type":"post","link":"https:\/\/mediagroup.mx\/index.php\/2026\/04\/29\/alexis-velazquez-impulsa-el-campo-con-el-arranque-de-siembra-productiva\/","title":{"rendered":"Alexis Vel\u00e1zquez impulsa el campo con el arranque de \u201cSiembra Productiva\u201d"},"content":{"rendered":"<p>Con el firme compromiso de fortalecer al sector agr\u00edcola del municipio, Alexis Vel\u00e1zquez, presidente municipal de Huandacareo, anunci\u00f3 el arranque del programa \u201cSiembra Productiva\u201d, una estrategia enfocada en apoyar directamente a peque\u00f1os y medianos productores.<\/p>\n<p>Este programa tiene como objetivo facilitar el acceso a semilla de ma\u00edz de alta calidad a bajo costo, beneficiando a agricultores de la cabecera municipal y sus localidades. A trav\u00e9s de esta acci\u00f3n, se busca mejorar las condiciones de siembra y contribuir a un incremento en la productividad del campo local.<\/p>\n<p>Para su implementaci\u00f3n, el Gobierno Municipal realiz\u00f3 una inversi\u00f3n de 350 mil pesos, destinada a subsidiar el costo de la semilla y asegurar que m\u00e1s productores puedan acceder a este insumo esencial.<\/p>\n<p>\u201cSabemos que la siembra comienza mucho antes de que caiga la lluvia, empieza cuando las familias hacen el esfuerzo por conseguir la semilla. Con el programa \u2018Siembra Productiva\u2019, queremos que ese esfuerzo sea menor y que el beneficio sea mayor para todas y todos\u201d, expres\u00f3 el edil.<\/p>\n<p>Con acciones como esta, el Gobierno de Huandacareo reafirma su compromiso con el desarrollo rural, apostando por un campo m\u00e1s productivo y sostenible.<\/p>\n<p><img loading=\"lazy\" decoding=\"async\" class=\"alignnone size-medium wp-image-91538\" src=\"https:\/\/mediagroup.mx\/wp-content\/uploads\/2026\/04\/WhatsApp-Image-2026-04-29-at-2.17.24-PM-300x200.jpeg\" alt=\"\" width=\"300\" height=\"200\" srcset=\"https:\/\/mediagroup.mx\/wp-content\/uploads\/2026\/04\/WhatsApp-Image-2026-04-29-at-2.17.24-PM-300x200.jpeg 300w, https:\/\/mediagroup.mx\/wp-content\/uploads\/2026\/04\/WhatsApp-Image-2026-04-29-at-2.17.24-PM-1024x683.jpeg 1024w, https:\/\/mediagroup.mx\/wp-content\/uploads\/2026\/04\/WhatsApp-Image-2026-04-29-at-2.17.24-PM-768x512.jpeg 768w, https:\/\/mediagroup.mx\/wp-content\/uploads\/2026\/04\/WhatsApp-Image-2026-04-29-at-2.17.24-PM-150x100.jpeg 150w, https:\/\/mediagroup.mx\/wp-content\/uploads\/2026\/04\/WhatsApp-Image-2026-04-29-at-2.17.24-PM-696x464.jpeg 696w, https:\/\/mediagroup.mx\/wp-content\/uploads\/2026\/04\/WhatsApp-Image-2026-04-29-at-2.17.24-PM.jpeg 1040w\" sizes=\"auto, (max-width: 300px) 100vw, 300px\" \/><\/p>\n","protected":false},"excerpt":{"rendered":"<p>Con el firme compromiso de fortalecer al sector agr\u00edcola del municipio, Alexis Vel\u00e1zquez, presidente municipal de Huandacareo, anunci\u00f3 el arranque del programa \u201cSiembra Productiva\u201d, una estrategia enfocada en apoyar directamente a peque\u00f1os y medianos productores. Este programa tiene como objetivo facilitar el acceso a semilla de ma\u00edz de alta calidad a bajo costo, beneficiando a [&hellip;]<\/p>\n","protected":false},"author":2,"featured_media":91538,"comment_status":"closed","ping_status":"closed","sticky":false,"template":"","format":"standard","meta":{"om_disable_all_campaigns":false,"_monsterinsights_skip_tracking":false,"_monsterinsights_sitenote_active":false,"_monsterinsights_sitenote_note":"","_monsterinsights_sitenote_category":0,"_uf_show_specific_survey":0,"_uf_disable_surveys":false,"_jetpack_memberships_contains_paid_content":false,"footnotes":"","jetpack_publicize_message":"Alexis Vel\u00e1zquez impulsa el campo con el arranque de \u201cSiembra Productiva\u201d","jetpack_publicize_feature_enabled":true,"jetpack_social_post_already_shared":true,"jetpack_social_options":{"image_generator_settings":{"template":"highway","default_image_id":0,"enabled":false},"version":2}},"categories":[15],"tags":[],"class_list":{"0":"post-91537","1":"post","2":"type-post","3":"status-publish","4":"format-standard","5":"has-post-thumbnail","7":"category-michoacan"},"aioseo_notices":[],"jetpack_publicize_connections":[],"jetpack_featured_media_url":"https:\/\/mediagroup.mx\/wp-content\/uploads\/2026\/04\/WhatsApp-Image-2026-04-29-at-2.17.24-PM.jpeg","jetpack_sharing_enabled":true,"_links":{"self":[{"href":"https:\/\/mediagroup.mx\/index.php\/wp-json\/wp\/v2\/posts\/91537","targetHints":{"allow":["GET"]}}],"collection":[{"href":"https:\/\/mediagroup.mx\/index.php\/wp-json\/wp\/v2\/posts"}],"about":[{"href":"https:\/\/mediagroup.mx\/index.php\/wp-json\/wp\/v2\/types\/post"}],"author":[{"embeddable":true,"href":"https:\/\/mediagroup.mx\/index.php\/wp-json\/wp\/v2\/users\/2"}],"replies":[{"embeddable":true,"href":"https:\/\/mediagroup.mx\/index.php\/wp-json\/wp\/v2\/comments?post=91537"}],"version-history":[{"count":1,"href":"https:\/\/mediagroup.mx\/index.php\/wp-json\/wp\/v2\/posts\/91537\/revisions"}],"predecessor-version":[{"id":91539,"href":"https:\/\/mediagroup.mx\/index.php\/wp-json\/wp\/v2\/posts\/91537\/revisions\/91539"}],"wp:featuredmedia":[{"embeddable":true,"href":"https:\/\/mediagroup.mx\/index.php\/wp-json\/wp\/v2\/media\/91538"}],"wp:attachment":[{"href":"https:\/\/mediagroup.mx\/index.php\/wp-json\/wp\/v2\/media?parent=91537"}],"wp:term":[{"taxonomy":"category","embeddable":true,"href":"https:\/\/mediagroup.mx\/index.php\/wp-json\/wp\/v2\/categories?post=91537"},{"taxonomy":"post_tag","embeddable":true,"href":"https:\/\/mediagroup.mx\/index.php\/wp-json\/wp\/v2\/tags?post=91537"}],"curies":[{"name":"wp","href":"https:\/\/api.w.org\/{rel}","templated":true}]}}