{"id":91558,"date":"2026-04-29T15:51:42","date_gmt":"2026-04-29T21:51:42","guid":{"rendered":"https:\/\/mediagroup.mx\/?p=91558"},"modified":"2026-04-29T15:51:42","modified_gmt":"2026-04-29T21:51:42","slug":"fortalece-congreso-atribuciones-municipales-en-materia-de-proteccion-de-la-ninez-y-adolescencia","status":"publish","type":"post","link":"https:\/\/mediagroup.mx\/index.php\/2026\/04\/29\/fortalece-congreso-atribuciones-municipales-en-materia-de-proteccion-de-la-ninez-y-adolescencia\/","title":{"rendered":"Fortalece Congreso atribuciones municipales en materia de protecci\u00f3n de la ni\u00f1ez y adolescencia"},"content":{"rendered":"<p>Morelia, Michoac\u00e1n, 29 de abril de 2026.- Con el principal objetivo de fortalecer la protecci\u00f3n integral de la infancia, las y los integrantes de la 76 Legislatura, robustecieron las atribuciones municipales en materia de derechos de ni\u00f1as, ni\u00f1os y adolescentes al reformar la Ley Org\u00e1nica Municipal de Michoac\u00e1n.<\/p>\n<p>Al aprobar la iniciativa presentada por la diputada Vanessa Caratachea S\u00e1nchez y dictaminada por las comisiones Unidas de Fortalecimiento Municipal y L\u00edmites Territoriales y la de Protecci\u00f3n a la Ni\u00f1ez y Adolescencia, se reformaron las fracciones VI y VII y se adicionaron las fracciones VIII, IX y X todas del art\u00edculo 55 bis de la ley en menci\u00f3n.<\/p>\n<p>Es as\u00ed que, las y los diputados locales, incluyeron en las atribuciones de la Comisi\u00f3n municipal para la Protecci\u00f3n de los Derechos de las Ni\u00f1as, Ni\u00f1os y Adolescentes, el promover la asignaci\u00f3n prioritaria, suficiente y progresiva de recursos en los proyectos de egresos del municipio, destinados a garantizar los derechos de ni\u00f1as, ni\u00f1os y adolescentes.<\/p>\n<p>Adem\u00e1s de fomentar el cumplimiento de las obligaciones de tutores y personas encargadas del cuidado de ni\u00f1as, ni\u00f1os y adolescentes, en materia de protecci\u00f3n contra toda forma de abuso, trato digno, orientaci\u00f3n, educaci\u00f3n en derechos y prevenci\u00f3n del maltrato.<\/p>\n<p>Finalmente, ahora dicha Comisi\u00f3n municipal deber\u00e1 promover y garantizar mecanismos efectivos de participaci\u00f3n activa y protag\u00f3nica de la ni\u00f1ez y adolescentes en los asuntos p\u00fablicos municipales que les afecten, de acuerdo a su edad, madurez y evoluci\u00f3n.<\/p>\n<p><img loading=\"lazy\" decoding=\"async\" class=\"alignnone size-medium wp-image-91559\" src=\"https:\/\/mediagroup.mx\/wp-content\/uploads\/2026\/04\/WhatsApp-Image-2026-04-29-at-3.46.39-PM-300x200.jpeg\" alt=\"\" width=\"300\" height=\"200\" srcset=\"https:\/\/mediagroup.mx\/wp-content\/uploads\/2026\/04\/WhatsApp-Image-2026-04-29-at-3.46.39-PM-300x200.jpeg 300w, https:\/\/mediagroup.mx\/wp-content\/uploads\/2026\/04\/WhatsApp-Image-2026-04-29-at-3.46.39-PM-1024x682.jpeg 1024w, https:\/\/mediagroup.mx\/wp-content\/uploads\/2026\/04\/WhatsApp-Image-2026-04-29-at-3.46.39-PM-768x512.jpeg 768w, https:\/\/mediagroup.mx\/wp-content\/uploads\/2026\/04\/WhatsApp-Image-2026-04-29-at-3.46.39-PM-150x100.jpeg 150w, https:\/\/mediagroup.mx\/wp-content\/uploads\/2026\/04\/WhatsApp-Image-2026-04-29-at-3.46.39-PM-696x464.jpeg 696w, https:\/\/mediagroup.mx\/wp-content\/uploads\/2026\/04\/WhatsApp-Image-2026-04-29-at-3.46.39-PM-1068x712.jpeg 1068w, https:\/\/mediagroup.mx\/wp-content\/uploads\/2026\/04\/WhatsApp-Image-2026-04-29-at-3.46.39-PM.jpeg 1280w\" sizes=\"auto, (max-width: 300px) 100vw, 300px\" \/><\/p>\n","protected":false},"excerpt":{"rendered":"<p>Morelia, Michoac\u00e1n, 29 de abril de 2026.- Con el principal objetivo de fortalecer la protecci\u00f3n integral de la infancia, las y los integrantes de la 76 Legislatura, robustecieron las atribuciones municipales en materia de derechos de ni\u00f1as, ni\u00f1os y adolescentes al reformar la Ley Org\u00e1nica Municipal de Michoac\u00e1n. Al aprobar la iniciativa presentada por la [&hellip;]<\/p>\n","protected":false},"author":2,"featured_media":91559,"comment_status":"closed","ping_status":"closed","sticky":false,"template":"","format":"standard","meta":{"om_disable_all_campaigns":false,"_monsterinsights_skip_tracking":false,"_monsterinsights_sitenote_active":false,"_monsterinsights_sitenote_note":"","_monsterinsights_sitenote_category":0,"_uf_show_specific_survey":0,"_uf_disable_surveys":false,"_jetpack_memberships_contains_paid_content":false,"footnotes":"","jetpack_publicize_message":"","jetpack_publicize_feature_enabled":true,"jetpack_social_post_already_shared":true,"jetpack_social_options":{"image_generator_settings":{"template":"highway","default_image_id":0,"enabled":false},"version":2}},"categories":[169],"tags":[528,170,605],"class_list":{"0":"post-91558","1":"post","2":"type-post","3":"status-publish","4":"format-standard","5":"has-post-thumbnail","7":"category-congreso-del-estado","8":"tag-76-legislatura","9":"tag-congreso-del-estado","10":"tag-proteccion-de-la-ninez-y-adolescencia"},"aioseo_notices":[],"jetpack_publicize_connections":[],"jetpack_featured_media_url":"https:\/\/mediagroup.mx\/wp-content\/uploads\/2026\/04\/WhatsApp-Image-2026-04-29-at-3.46.39-PM.jpeg","jetpack_sharing_enabled":true,"_links":{"self":[{"href":"https:\/\/mediagroup.mx\/index.php\/wp-json\/wp\/v2\/posts\/91558","targetHints":{"allow":["GET"]}}],"collection":[{"href":"https:\/\/mediagroup.mx\/index.php\/wp-json\/wp\/v2\/posts"}],"about":[{"href":"https:\/\/mediagroup.mx\/index.php\/wp-json\/wp\/v2\/types\/post"}],"author":[{"embeddable":true,"href":"https:\/\/mediagroup.mx\/index.php\/wp-json\/wp\/v2\/users\/2"}],"replies":[{"embeddable":true,"href":"https:\/\/mediagroup.mx\/index.php\/wp-json\/wp\/v2\/comments?post=91558"}],"version-history":[{"count":1,"href":"https:\/\/mediagroup.mx\/index.php\/wp-json\/wp\/v2\/posts\/91558\/revisions"}],"predecessor-version":[{"id":91560,"href":"https:\/\/mediagroup.mx\/index.php\/wp-json\/wp\/v2\/posts\/91558\/revisions\/91560"}],"wp:featuredmedia":[{"embeddable":true,"href":"https:\/\/mediagroup.mx\/index.php\/wp-json\/wp\/v2\/media\/91559"}],"wp:attachment":[{"href":"https:\/\/mediagroup.mx\/index.php\/wp-json\/wp\/v2\/media?parent=91558"}],"wp:term":[{"taxonomy":"category","embeddable":true,"href":"https:\/\/mediagroup.mx\/index.php\/wp-json\/wp\/v2\/categories?post=91558"},{"taxonomy":"post_tag","embeddable":true,"href":"https:\/\/mediagroup.mx\/index.php\/wp-json\/wp\/v2\/tags?post=91558"}],"curies":[{"name":"wp","href":"https:\/\/api.w.org\/{rel}","templated":true}]}}