{"id":91561,"date":"2026-04-29T15:53:26","date_gmt":"2026-04-29T21:53:26","guid":{"rendered":"https:\/\/mediagroup.mx\/?p=91561"},"modified":"2026-04-29T15:53:26","modified_gmt":"2026-04-29T21:53:26","slug":"reitera-congreso-del-estado-disposicion-para-fortalecer-y-garantizar-los-derechos-de-las-personas-con-discapacidad","status":"publish","type":"post","link":"https:\/\/mediagroup.mx\/index.php\/2026\/04\/29\/reitera-congreso-del-estado-disposicion-para-fortalecer-y-garantizar-los-derechos-de-las-personas-con-discapacidad\/","title":{"rendered":"Reitera Congreso del Estado disposici\u00f3n para fortalecer y garantizar los derechos de las personas con discapacidad"},"content":{"rendered":"<p>Morelia, Michoac\u00e1n, a 29 de abril del 2026.- Con la finalidad de profundizar en el trabajo que esta 76 Legislatura ha realizado en materia de inclusi\u00f3n y derechos de personas con discapacidad, adem\u00e1s de legislar en esta materia con el apoyo de especialistas en la materia, la Junta de Coordinaci\u00f3n Pol\u00edtica (JUCOPO) del Congreso del Estado, sostuvo una reuni\u00f3n con representantes del Mecanismo de Monitoreo sobre los Derechos de Personas con Discapacidad de la Comisi\u00f3n Estatal de Derechos Humanos (CEDH).<\/p>\n<p>En esta reuni\u00f3n se abordaron temas espec\u00edficos y con los cuales se busca trabajar en reformas y leyes que garanticen una verdadera inclusi\u00f3n de las personas con discapacidad en Michoac\u00e1n y con ello, acortar las brechas de la desigualdad.<\/p>\n<p>De la misma forma, se hizo el compromiso por parte de ambas partes de trabajar de manera conjunta, para garantizar el lenguaje incluyente desde la Ley, as\u00ed como establecer protocolos para las personas con discapacidad.<\/p>\n<p>Durante esta reuni\u00f3n, el Congreso del Estado a trav\u00e9s de la JUCOPO, reiter\u00f3 su disposici\u00f3n para continuar con los trabajos legislativos en pro de fortalecer la inclusi\u00f3n y garantizar los derechos de las personas con discapacidad.<\/p>\n<p><img loading=\"lazy\" decoding=\"async\" class=\"alignnone size-medium wp-image-91562\" src=\"https:\/\/mediagroup.mx\/wp-content\/uploads\/2026\/04\/WhatsApp-Image-2026-04-29-at-3.46.39-PM-1-300x199.jpeg\" alt=\"\" width=\"300\" height=\"199\" srcset=\"https:\/\/mediagroup.mx\/wp-content\/uploads\/2026\/04\/WhatsApp-Image-2026-04-29-at-3.46.39-PM-1-300x199.jpeg 300w, https:\/\/mediagroup.mx\/wp-content\/uploads\/2026\/04\/WhatsApp-Image-2026-04-29-at-3.46.39-PM-1-1024x681.jpeg 1024w, https:\/\/mediagroup.mx\/wp-content\/uploads\/2026\/04\/WhatsApp-Image-2026-04-29-at-3.46.39-PM-1-768x511.jpeg 768w, https:\/\/mediagroup.mx\/wp-content\/uploads\/2026\/04\/WhatsApp-Image-2026-04-29-at-3.46.39-PM-1-150x100.jpeg 150w, https:\/\/mediagroup.mx\/wp-content\/uploads\/2026\/04\/WhatsApp-Image-2026-04-29-at-3.46.39-PM-1-696x463.jpeg 696w, https:\/\/mediagroup.mx\/wp-content\/uploads\/2026\/04\/WhatsApp-Image-2026-04-29-at-3.46.39-PM-1-1068x710.jpeg 1068w, https:\/\/mediagroup.mx\/wp-content\/uploads\/2026\/04\/WhatsApp-Image-2026-04-29-at-3.46.39-PM-1.jpeg 1280w\" sizes=\"auto, (max-width: 300px) 100vw, 300px\" \/><\/p>\n","protected":false},"excerpt":{"rendered":"<p>Morelia, Michoac\u00e1n, a 29 de abril del 2026.- Con la finalidad de profundizar en el trabajo que esta 76 Legislatura ha realizado en materia de inclusi\u00f3n y derechos de personas con discapacidad, adem\u00e1s de legislar en esta materia con el apoyo de especialistas en la materia, la Junta de Coordinaci\u00f3n Pol\u00edtica (JUCOPO) del Congreso del [&hellip;]<\/p>\n","protected":false},"author":2,"featured_media":91562,"comment_status":"closed","ping_status":"closed","sticky":false,"template":"","format":"standard","meta":{"om_disable_all_campaigns":false,"_monsterinsights_skip_tracking":false,"_monsterinsights_sitenote_active":false,"_monsterinsights_sitenote_note":"","_monsterinsights_sitenote_category":0,"_uf_show_specific_survey":0,"_uf_disable_surveys":false,"_jetpack_memberships_contains_paid_content":false,"footnotes":"","jetpack_publicize_message":"","jetpack_publicize_feature_enabled":true,"jetpack_social_post_already_shared":true,"jetpack_social_options":{"image_generator_settings":{"template":"highway","default_image_id":0,"enabled":false},"version":2}},"categories":[169],"tags":[606,170,254],"class_list":{"0":"post-91561","1":"post","2":"type-post","3":"status-publish","4":"format-standard","5":"has-post-thumbnail","7":"category-congreso-del-estado","8":"tag-cedh","9":"tag-congreso-del-estado","10":"tag-jucopo"},"aioseo_notices":[],"jetpack_publicize_connections":[],"jetpack_featured_media_url":"https:\/\/mediagroup.mx\/wp-content\/uploads\/2026\/04\/WhatsApp-Image-2026-04-29-at-3.46.39-PM-1.jpeg","jetpack_sharing_enabled":true,"_links":{"self":[{"href":"https:\/\/mediagroup.mx\/index.php\/wp-json\/wp\/v2\/posts\/91561","targetHints":{"allow":["GET"]}}],"collection":[{"href":"https:\/\/mediagroup.mx\/index.php\/wp-json\/wp\/v2\/posts"}],"about":[{"href":"https:\/\/mediagroup.mx\/index.php\/wp-json\/wp\/v2\/types\/post"}],"author":[{"embeddable":true,"href":"https:\/\/mediagroup.mx\/index.php\/wp-json\/wp\/v2\/users\/2"}],"replies":[{"embeddable":true,"href":"https:\/\/mediagroup.mx\/index.php\/wp-json\/wp\/v2\/comments?post=91561"}],"version-history":[{"count":1,"href":"https:\/\/mediagroup.mx\/index.php\/wp-json\/wp\/v2\/posts\/91561\/revisions"}],"predecessor-version":[{"id":91563,"href":"https:\/\/mediagroup.mx\/index.php\/wp-json\/wp\/v2\/posts\/91561\/revisions\/91563"}],"wp:featuredmedia":[{"embeddable":true,"href":"https:\/\/mediagroup.mx\/index.php\/wp-json\/wp\/v2\/media\/91562"}],"wp:attachment":[{"href":"https:\/\/mediagroup.mx\/index.php\/wp-json\/wp\/v2\/media?parent=91561"}],"wp:term":[{"taxonomy":"category","embeddable":true,"href":"https:\/\/mediagroup.mx\/index.php\/wp-json\/wp\/v2\/categories?post=91561"},{"taxonomy":"post_tag","embeddable":true,"href":"https:\/\/mediagroup.mx\/index.php\/wp-json\/wp\/v2\/tags?post=91561"}],"curies":[{"name":"wp","href":"https:\/\/api.w.org\/{rel}","templated":true}]}}