{"id":91567,"date":"2026-04-29T16:52:51","date_gmt":"2026-04-29T22:52:51","guid":{"rendered":"https:\/\/mediagroup.mx\/?p=91567"},"modified":"2026-04-29T16:52:51","modified_gmt":"2026-04-29T22:52:51","slug":"atencion-tanatologica-a-menores-que-atraviesen-procesos-de-duelo-76-legislatura","status":"publish","type":"post","link":"https:\/\/mediagroup.mx\/index.php\/2026\/04\/29\/atencion-tanatologica-a-menores-que-atraviesen-procesos-de-duelo-76-legislatura\/","title":{"rendered":"Atenci\u00f3n tanatol\u00f3gica a menores que atraviesen procesos de duelo: 76 Legislatura"},"content":{"rendered":"<p>Morelia, Michoac\u00e1n, 29 de abril de 2026.- Las y los integrantes de la Septuag\u00e9sima Sexta Legislatura incorporaron a la Ley de Asistencia de Asistencia del Estado, medidas de atenci\u00f3n tanatol\u00f3gica a favor de ni\u00f1as, ni\u00f1os, adolescentes y juventudes que atraviesen procesos de p\u00e9rdida, duelo y afectaci\u00f3n en su entorno familiar y social.<\/p>\n<p>Las Comisiones de Salud y Asistencia Social y la de Educaci\u00f3n fueron las encargadas de dictaminar la iniciativa presentada por el diputado Alejandro Iv\u00e1n Ar\u00e9valo Vera, mediante la cual se adiciona una fracci\u00f3n XII Bis al art\u00edculo 9 de la Ley de Asistencia Social.<\/p>\n<p>Fue en sesi\u00f3n extraordinaria que se aprob\u00f3 por unanimidad facultar al Sistema para el Desarrollo Integral de la Familia (DIF), a otorgar atenci\u00f3n tanatol\u00f3gica a ni\u00f1as, ni\u00f1os y adolescentes que hayan sufrido la p\u00e9rdida de la madre, padre, hermana, hermano o de la persona que ejerza su cuidado primario.<\/p>\n<p>De igual forma se proporcionar\u00e1 dicha atenci\u00f3n en caso de que las y los menores convivan con familiares que padezcan enfermedad en etapa terminal; se encuentren atravesando por procesos de separaci\u00f3n o desintegraci\u00f3n familiar que afecten de manera significativa su estabilidad emocional.<\/p>\n<p>Asimismo, el organismo podr\u00e1 coadyuvar, en el \u00e1mbito de su competencia, con las instituciones educativas que lo soliciten, mediante acciones de orientaci\u00f3n, acompa\u00f1amiento tanatol\u00f3gico y campa\u00f1as formativas en la materia.<\/p>\n<p>Cabe destacar, que la ejecuci\u00f3n de las acciones anteriormente se\u00f1aladas se realizar\u00e1 con cargo al presupuesto autorizado al DIF y a las dependencias competentes para el ejercicio fiscal correspondiente, por lo que no se requerir\u00e1n ampliaciones presupuestales adicionales; y, tendr\u00e1n un plazo de 90 d\u00edas para emitir lineamientos internos o protocolos de actuaci\u00f3n para la detecci\u00f3n, orientaci\u00f3n, acompa\u00f1amiento y, en su caso, canalizaci\u00f3n a la atenci\u00f3n tanatol\u00f3gica.<\/p>\n<p><img loading=\"lazy\" decoding=\"async\" class=\"alignnone size-medium wp-image-91568\" src=\"https:\/\/mediagroup.mx\/wp-content\/uploads\/2026\/04\/WhatsApp-Image-2026-04-29-at-4.02.38-PM-300x200.jpeg\" alt=\"\" width=\"300\" height=\"200\" srcset=\"https:\/\/mediagroup.mx\/wp-content\/uploads\/2026\/04\/WhatsApp-Image-2026-04-29-at-4.02.38-PM-300x200.jpeg 300w, https:\/\/mediagroup.mx\/wp-content\/uploads\/2026\/04\/WhatsApp-Image-2026-04-29-at-4.02.38-PM-1024x682.jpeg 1024w, https:\/\/mediagroup.mx\/wp-content\/uploads\/2026\/04\/WhatsApp-Image-2026-04-29-at-4.02.38-PM-768x512.jpeg 768w, https:\/\/mediagroup.mx\/wp-content\/uploads\/2026\/04\/WhatsApp-Image-2026-04-29-at-4.02.38-PM-150x100.jpeg 150w, https:\/\/mediagroup.mx\/wp-content\/uploads\/2026\/04\/WhatsApp-Image-2026-04-29-at-4.02.38-PM-696x464.jpeg 696w, https:\/\/mediagroup.mx\/wp-content\/uploads\/2026\/04\/WhatsApp-Image-2026-04-29-at-4.02.38-PM-1068x712.jpeg 1068w, https:\/\/mediagroup.mx\/wp-content\/uploads\/2026\/04\/WhatsApp-Image-2026-04-29-at-4.02.38-PM.jpeg 1280w\" sizes=\"auto, (max-width: 300px) 100vw, 300px\" \/><\/p>\n","protected":false},"excerpt":{"rendered":"<p>Morelia, Michoac\u00e1n, 29 de abril de 2026.- Las y los integrantes de la Septuag\u00e9sima Sexta Legislatura incorporaron a la Ley de Asistencia de Asistencia del Estado, medidas de atenci\u00f3n tanatol\u00f3gica a favor de ni\u00f1as, ni\u00f1os, adolescentes y juventudes que atraviesen procesos de p\u00e9rdida, duelo y afectaci\u00f3n en su entorno familiar y social. Las Comisiones de [&hellip;]<\/p>\n","protected":false},"author":2,"featured_media":91568,"comment_status":"closed","ping_status":"closed","sticky":false,"template":"","format":"standard","meta":{"om_disable_all_campaigns":false,"_monsterinsights_skip_tracking":false,"_monsterinsights_sitenote_active":false,"_monsterinsights_sitenote_note":"","_monsterinsights_sitenote_category":0,"_uf_show_specific_survey":0,"_uf_disable_surveys":false,"_jetpack_memberships_contains_paid_content":false,"footnotes":"","jetpack_publicize_message":"Atenci\u00f3n tanatol\u00f3gica a menores que atraviesen procesos de duelo: 76 Legislatura\r\n\u2022\u2060  \u2060DIF ser\u00e1 el encargado de la detecci\u00f3n, orientaci\u00f3n, acompa\u00f1amiento y, en su caso, canalizaci\u00f3n a la atenci\u00f3n","jetpack_publicize_feature_enabled":true,"jetpack_social_post_already_shared":true,"jetpack_social_options":{"image_generator_settings":{"template":"highway","default_image_id":0,"enabled":false},"version":2}},"categories":[169],"tags":[528,170,609,608],"class_list":{"0":"post-91567","1":"post","2":"type-post","3":"status-publish","4":"format-standard","5":"has-post-thumbnail","7":"category-congreso-del-estado","8":"tag-76-legislatura","9":"tag-congreso-del-estado","10":"tag-duelo","11":"tag-tanatologica"},"aioseo_notices":[],"jetpack_publicize_connections":[],"jetpack_featured_media_url":"https:\/\/mediagroup.mx\/wp-content\/uploads\/2026\/04\/WhatsApp-Image-2026-04-29-at-4.02.38-PM.jpeg","jetpack_sharing_enabled":true,"_links":{"self":[{"href":"https:\/\/mediagroup.mx\/index.php\/wp-json\/wp\/v2\/posts\/91567","targetHints":{"allow":["GET"]}}],"collection":[{"href":"https:\/\/mediagroup.mx\/index.php\/wp-json\/wp\/v2\/posts"}],"about":[{"href":"https:\/\/mediagroup.mx\/index.php\/wp-json\/wp\/v2\/types\/post"}],"author":[{"embeddable":true,"href":"https:\/\/mediagroup.mx\/index.php\/wp-json\/wp\/v2\/users\/2"}],"replies":[{"embeddable":true,"href":"https:\/\/mediagroup.mx\/index.php\/wp-json\/wp\/v2\/comments?post=91567"}],"version-history":[{"count":1,"href":"https:\/\/mediagroup.mx\/index.php\/wp-json\/wp\/v2\/posts\/91567\/revisions"}],"predecessor-version":[{"id":91569,"href":"https:\/\/mediagroup.mx\/index.php\/wp-json\/wp\/v2\/posts\/91567\/revisions\/91569"}],"wp:featuredmedia":[{"embeddable":true,"href":"https:\/\/mediagroup.mx\/index.php\/wp-json\/wp\/v2\/media\/91568"}],"wp:attachment":[{"href":"https:\/\/mediagroup.mx\/index.php\/wp-json\/wp\/v2\/media?parent=91567"}],"wp:term":[{"taxonomy":"category","embeddable":true,"href":"https:\/\/mediagroup.mx\/index.php\/wp-json\/wp\/v2\/categories?post=91567"},{"taxonomy":"post_tag","embeddable":true,"href":"https:\/\/mediagroup.mx\/index.php\/wp-json\/wp\/v2\/tags?post=91567"}],"curies":[{"name":"wp","href":"https:\/\/api.w.org\/{rel}","templated":true}]}}