{"id":91570,"date":"2026-04-29T16:56:13","date_gmt":"2026-04-29T22:56:13","guid":{"rendered":"https:\/\/mediagroup.mx\/?p=91570"},"modified":"2026-04-29T16:56:13","modified_gmt":"2026-04-29T22:56:13","slug":"se-incendia-casa-en-san-jose-de-la-mina-uruapan","status":"publish","type":"post","link":"https:\/\/mediagroup.mx\/index.php\/2026\/04\/29\/se-incendia-casa-en-san-jose-de-la-mina-uruapan\/","title":{"rendered":"Se incendia casa en San Jos\u00e9 de la Mina, Uruapan"},"content":{"rendered":"<p>Uruapan, Mich.- 29 de abril de 2026.- La tarde de este mi\u00e9rcoles, se registr\u00f3 un incendio en una vivienda de la colonia San Jos\u00e9 de la Mina, al norte de la ciudad de Uruapan. El siniestro no dej\u00f3 personas lesionadas, pero si cuantiosos da\u00f1os materiales.<\/p>\n<p>Fueron algunos vecinos de la calle Granito quienes se percataron una columna de humo negro que sal\u00eda de un inmueble, por lo que de inmediato notificaron al sistema de emergencias 911.<\/p>\n<p>Por lo anterior, al lugar se desplazaron elementos de Bomberos de Protecci\u00f3n Civil Estatal y Municipal, quienes trabajaron durante varios minutos para controlar la situaci\u00f3n.<\/p>\n<p>Hasta el momento se desconocen las circunstancias que provocaron el incendio, por lo que ya ser\u00e1n los peritajes de las autoridades competentes las que determinen esta situaci\u00f3n.<\/p>\n<p><img loading=\"lazy\" decoding=\"async\" class=\"alignnone size-medium wp-image-91571\" src=\"https:\/\/mediagroup.mx\/wp-content\/uploads\/2026\/04\/WhatsApp-Image-2026-04-29-at-4.00.01-PM-300x169.jpeg\" alt=\"\" width=\"300\" height=\"169\" srcset=\"https:\/\/mediagroup.mx\/wp-content\/uploads\/2026\/04\/WhatsApp-Image-2026-04-29-at-4.00.01-PM-300x169.jpeg 300w, https:\/\/mediagroup.mx\/wp-content\/uploads\/2026\/04\/WhatsApp-Image-2026-04-29-at-4.00.01-PM-1024x576.jpeg 1024w, https:\/\/mediagroup.mx\/wp-content\/uploads\/2026\/04\/WhatsApp-Image-2026-04-29-at-4.00.01-PM-768x432.jpeg 768w, https:\/\/mediagroup.mx\/wp-content\/uploads\/2026\/04\/WhatsApp-Image-2026-04-29-at-4.00.01-PM-150x84.jpeg 150w, https:\/\/mediagroup.mx\/wp-content\/uploads\/2026\/04\/WhatsApp-Image-2026-04-29-at-4.00.01-PM-696x392.jpeg 696w, https:\/\/mediagroup.mx\/wp-content\/uploads\/2026\/04\/WhatsApp-Image-2026-04-29-at-4.00.01-PM-1068x601.jpeg 1068w, https:\/\/mediagroup.mx\/wp-content\/uploads\/2026\/04\/WhatsApp-Image-2026-04-29-at-4.00.01-PM.jpeg 1280w\" sizes=\"auto, (max-width: 300px) 100vw, 300px\" \/><\/p>\n","protected":false},"excerpt":{"rendered":"<p>Uruapan, Mich.- 29 de abril de 2026.- La tarde de este mi\u00e9rcoles, se registr\u00f3 un incendio en una vivienda de la colonia San Jos\u00e9 de la Mina, al norte de la ciudad de Uruapan. El siniestro no dej\u00f3 personas lesionadas, pero si cuantiosos da\u00f1os materiales. Fueron algunos vecinos de la calle Granito quienes se percataron [&hellip;]<\/p>\n","protected":false},"author":2,"featured_media":91571,"comment_status":"closed","ping_status":"closed","sticky":false,"template":"","format":"standard","meta":{"om_disable_all_campaigns":false,"_monsterinsights_skip_tracking":false,"_monsterinsights_sitenote_active":false,"_monsterinsights_sitenote_note":"","_monsterinsights_sitenote_category":0,"_uf_show_specific_survey":0,"_uf_disable_surveys":false,"_jetpack_memberships_contains_paid_content":false,"footnotes":"","jetpack_publicize_message":"Se incendia casa en San Jos\u00e9 de la Mina, Uruapan","jetpack_publicize_feature_enabled":true,"jetpack_social_post_already_shared":true,"jetpack_social_options":{"image_generator_settings":{"template":"highway","default_image_id":0,"enabled":false},"version":2}},"categories":[15],"tags":[611,185,610,186],"class_list":{"0":"post-91570","1":"post","2":"type-post","3":"status-publish","4":"format-standard","5":"has-post-thumbnail","7":"category-michoacan","8":"tag-danos-materiales","9":"tag-incendio","10":"tag-la-mina","11":"tag-uruapan"},"aioseo_notices":[],"jetpack_publicize_connections":[],"jetpack_featured_media_url":"https:\/\/mediagroup.mx\/wp-content\/uploads\/2026\/04\/WhatsApp-Image-2026-04-29-at-4.00.01-PM.jpeg","jetpack_sharing_enabled":true,"_links":{"self":[{"href":"https:\/\/mediagroup.mx\/index.php\/wp-json\/wp\/v2\/posts\/91570","targetHints":{"allow":["GET"]}}],"collection":[{"href":"https:\/\/mediagroup.mx\/index.php\/wp-json\/wp\/v2\/posts"}],"about":[{"href":"https:\/\/mediagroup.mx\/index.php\/wp-json\/wp\/v2\/types\/post"}],"author":[{"embeddable":true,"href":"https:\/\/mediagroup.mx\/index.php\/wp-json\/wp\/v2\/users\/2"}],"replies":[{"embeddable":true,"href":"https:\/\/mediagroup.mx\/index.php\/wp-json\/wp\/v2\/comments?post=91570"}],"version-history":[{"count":1,"href":"https:\/\/mediagroup.mx\/index.php\/wp-json\/wp\/v2\/posts\/91570\/revisions"}],"predecessor-version":[{"id":91572,"href":"https:\/\/mediagroup.mx\/index.php\/wp-json\/wp\/v2\/posts\/91570\/revisions\/91572"}],"wp:featuredmedia":[{"embeddable":true,"href":"https:\/\/mediagroup.mx\/index.php\/wp-json\/wp\/v2\/media\/91571"}],"wp:attachment":[{"href":"https:\/\/mediagroup.mx\/index.php\/wp-json\/wp\/v2\/media?parent=91570"}],"wp:term":[{"taxonomy":"category","embeddable":true,"href":"https:\/\/mediagroup.mx\/index.php\/wp-json\/wp\/v2\/categories?post=91570"},{"taxonomy":"post_tag","embeddable":true,"href":"https:\/\/mediagroup.mx\/index.php\/wp-json\/wp\/v2\/tags?post=91570"}],"curies":[{"name":"wp","href":"https:\/\/api.w.org\/{rel}","templated":true}]}}