{"id":91579,"date":"2026-04-30T11:41:46","date_gmt":"2026-04-30T17:41:46","guid":{"rendered":"https:\/\/mediagroup.mx\/?p=91579"},"modified":"2026-04-30T11:41:46","modified_gmt":"2026-04-30T17:41:46","slug":"presenta-comite-de-transparencia-y-acceso-a-la-informacion-publica-el-portal-infantil-del-congreso-del-estado","status":"publish","type":"post","link":"https:\/\/mediagroup.mx\/index.php\/2026\/04\/30\/presenta-comite-de-transparencia-y-acceso-a-la-informacion-publica-el-portal-infantil-del-congreso-del-estado\/","title":{"rendered":"Presenta Comit\u00e9 de Transparencia y Acceso a la Informaci\u00f3n P\u00fablica el Portal Infantil del Congreso del Estado"},"content":{"rendered":"<p>Morelia, Michoac\u00e1n, a 30 de abril del 2026.- Con la finalidad de que las ni\u00f1as, ni\u00f1os y adolescentes, puedan tener mayores herramientas que les faciliten el acceso a la informaci\u00f3n p\u00fablica del Congreso del Estado, el Comit\u00e9 de Transparencia y Acceso a la Informaci\u00f3n P\u00fablica, de esta 76 Legislatura, present\u00f3 el Portal Infantil, el sitio web del Poder Legislativo para la ni\u00f1ez.<\/p>\n<p>El diputado Conrado Paz Torres, presidente del Comit\u00e9 de Transparencia y Acceso a la Informaci\u00f3n P\u00fablica, y promotor de este Portal Infantil, reiter\u00f3 el compromiso de esta 76 Legislatura con las ni\u00f1as, ni\u00f1os y adolescentes de Michoac\u00e1n y con la transparencia.<\/p>\n<p>\u201cCon este sitio web especializado para la ni\u00f1ez, se garantiza que desde uy peque\u00f1os todos y todas tengan salvaguardado el derecho a la informaci\u00f3n. Con este Portal Infantil, se prepara y se les la las herramientas a las ni\u00f1as y ni\u00f1os para que sigan construyendo una sociedad m\u00e1s informada y que ellos crezcan siendo buenas personas, con esto les queremos inculcar a todas y todos los peque\u00f1os el amor por aprender, cuestionar y conocer\u201d, asever\u00f3.<\/p>\n<p>Por su parte, la coordinadora de Transparencia y Acceso a la Informaci\u00f3n P\u00fablica del Congreso del Estado, Carina de Jes\u00fas Garc\u00eda Campos, inform\u00f3 que desde esta coordinaci\u00f3n, han trabajado en dotar a este Poder de herramientas que fortalezcan el acceso a la informaci\u00f3n p\u00fablica y la protecci\u00f3n de datos personales.<\/p>\n<p>\u201cCon esto se fomenta la participaci\u00f3n y retroalimentaci\u00f3n ciudadana, este sitio web se traduce en m\u00e1s informaci\u00f3n y aprendizaje para las y los ni\u00f1os, que sus dudas sean resueltas y que cada vez haya m\u00e1s inter\u00e9s de por aprender y conocer a sus representantes populares\u201d, a\u00f1adi\u00f3.<\/p>\n<p>En su intervenci\u00f3n, el creador de este Portal Infantil, Fernando Mart\u00ednez Luna, detall\u00f3 que este sitio web es un espacio m\u00e1s interactivo, con contenidos y materiales did\u00e1cticos en donde las y los ni\u00f1os puedan conocer el Congreso del Estado, puedan aprender c\u00f3mo se hacen las leyes y sepan las funciones que realizan sus representantes, \u201cesta es una herramienta que abre las puertas del Congreso del Estado a la ni\u00f1ez\u201d.<\/p>\n<p><img loading=\"lazy\" decoding=\"async\" class=\"alignnone size-medium wp-image-91580\" src=\"https:\/\/mediagroup.mx\/wp-content\/uploads\/2026\/04\/WhatsApp-Image-2026-04-30-at-11.04.25-AM-1-300x298.jpeg\" alt=\"\" width=\"300\" height=\"298\" srcset=\"https:\/\/mediagroup.mx\/wp-content\/uploads\/2026\/04\/WhatsApp-Image-2026-04-30-at-11.04.25-AM-1-300x298.jpeg 300w, https:\/\/mediagroup.mx\/wp-content\/uploads\/2026\/04\/WhatsApp-Image-2026-04-30-at-11.04.25-AM-1-1024x1017.jpeg 1024w, https:\/\/mediagroup.mx\/wp-content\/uploads\/2026\/04\/WhatsApp-Image-2026-04-30-at-11.04.25-AM-1-150x149.jpeg 150w, https:\/\/mediagroup.mx\/wp-content\/uploads\/2026\/04\/WhatsApp-Image-2026-04-30-at-11.04.25-AM-1-768x763.jpeg 768w, https:\/\/mediagroup.mx\/wp-content\/uploads\/2026\/04\/WhatsApp-Image-2026-04-30-at-11.04.25-AM-1-696x691.jpeg 696w, https:\/\/mediagroup.mx\/wp-content\/uploads\/2026\/04\/WhatsApp-Image-2026-04-30-at-11.04.25-AM-1-1068x1061.jpeg 1068w, https:\/\/mediagroup.mx\/wp-content\/uploads\/2026\/04\/WhatsApp-Image-2026-04-30-at-11.04.25-AM-1.jpeg 1228w\" sizes=\"auto, (max-width: 300px) 100vw, 300px\" \/> <img loading=\"lazy\" decoding=\"async\" class=\"alignnone size-medium wp-image-91581\" src=\"https:\/\/mediagroup.mx\/wp-content\/uploads\/2026\/04\/WhatsApp-Image-2026-04-30-at-11.04.25-AM-300x284.jpeg\" alt=\"\" width=\"300\" height=\"284\" srcset=\"https:\/\/mediagroup.mx\/wp-content\/uploads\/2026\/04\/WhatsApp-Image-2026-04-30-at-11.04.25-AM-300x284.jpeg 300w, https:\/\/mediagroup.mx\/wp-content\/uploads\/2026\/04\/WhatsApp-Image-2026-04-30-at-11.04.25-AM-1024x971.jpeg 1024w, https:\/\/mediagroup.mx\/wp-content\/uploads\/2026\/04\/WhatsApp-Image-2026-04-30-at-11.04.25-AM-768x728.jpeg 768w, https:\/\/mediagroup.mx\/wp-content\/uploads\/2026\/04\/WhatsApp-Image-2026-04-30-at-11.04.25-AM-150x142.jpeg 150w, https:\/\/mediagroup.mx\/wp-content\/uploads\/2026\/04\/WhatsApp-Image-2026-04-30-at-11.04.25-AM-696x660.jpeg 696w, https:\/\/mediagroup.mx\/wp-content\/uploads\/2026\/04\/WhatsApp-Image-2026-04-30-at-11.04.25-AM-1068x1012.jpeg 1068w, https:\/\/mediagroup.mx\/wp-content\/uploads\/2026\/04\/WhatsApp-Image-2026-04-30-at-11.04.25-AM.jpeg 1228w\" sizes=\"auto, (max-width: 300px) 100vw, 300px\" \/><\/p>\n","protected":false},"excerpt":{"rendered":"<p>Morelia, Michoac\u00e1n, a 30 de abril del 2026.- Con la finalidad de que las ni\u00f1as, ni\u00f1os y adolescentes, puedan tener mayores herramientas que les faciliten el acceso a la informaci\u00f3n p\u00fablica del Congreso del Estado, el Comit\u00e9 de Transparencia y Acceso a la Informaci\u00f3n P\u00fablica, de esta 76 Legislatura, present\u00f3 el Portal Infantil, el sitio [&hellip;]<\/p>\n","protected":false},"author":2,"featured_media":91581,"comment_status":"closed","ping_status":"closed","sticky":false,"template":"","format":"standard","meta":{"om_disable_all_campaigns":false,"_monsterinsights_skip_tracking":false,"_monsterinsights_sitenote_active":false,"_monsterinsights_sitenote_note":"","_monsterinsights_sitenote_category":0,"_uf_show_specific_survey":0,"_uf_disable_surveys":false,"_jetpack_memberships_contains_paid_content":false,"footnotes":"","jetpack_publicize_message":"Presenta Comit\u00e9 de Transparencia y Acceso a la Informaci\u00f3n P\u00fablica el Portal Infantil del Congreso del Estado","jetpack_publicize_feature_enabled":true,"jetpack_social_post_already_shared":true,"jetpack_social_options":{"image_generator_settings":{"template":"highway","default_image_id":0,"enabled":false},"version":2}},"categories":[169],"tags":[],"class_list":{"0":"post-91579","1":"post","2":"type-post","3":"status-publish","4":"format-standard","5":"has-post-thumbnail","7":"category-congreso-del-estado"},"aioseo_notices":[],"jetpack_publicize_connections":[],"jetpack_featured_media_url":"https:\/\/mediagroup.mx\/wp-content\/uploads\/2026\/04\/WhatsApp-Image-2026-04-30-at-11.04.25-AM.jpeg","jetpack_sharing_enabled":true,"_links":{"self":[{"href":"https:\/\/mediagroup.mx\/index.php\/wp-json\/wp\/v2\/posts\/91579","targetHints":{"allow":["GET"]}}],"collection":[{"href":"https:\/\/mediagroup.mx\/index.php\/wp-json\/wp\/v2\/posts"}],"about":[{"href":"https:\/\/mediagroup.mx\/index.php\/wp-json\/wp\/v2\/types\/post"}],"author":[{"embeddable":true,"href":"https:\/\/mediagroup.mx\/index.php\/wp-json\/wp\/v2\/users\/2"}],"replies":[{"embeddable":true,"href":"https:\/\/mediagroup.mx\/index.php\/wp-json\/wp\/v2\/comments?post=91579"}],"version-history":[{"count":2,"href":"https:\/\/mediagroup.mx\/index.php\/wp-json\/wp\/v2\/posts\/91579\/revisions"}],"predecessor-version":[{"id":91583,"href":"https:\/\/mediagroup.mx\/index.php\/wp-json\/wp\/v2\/posts\/91579\/revisions\/91583"}],"wp:featuredmedia":[{"embeddable":true,"href":"https:\/\/mediagroup.mx\/index.php\/wp-json\/wp\/v2\/media\/91581"}],"wp:attachment":[{"href":"https:\/\/mediagroup.mx\/index.php\/wp-json\/wp\/v2\/media?parent=91579"}],"wp:term":[{"taxonomy":"category","embeddable":true,"href":"https:\/\/mediagroup.mx\/index.php\/wp-json\/wp\/v2\/categories?post=91579"},{"taxonomy":"post_tag","embeddable":true,"href":"https:\/\/mediagroup.mx\/index.php\/wp-json\/wp\/v2\/tags?post=91579"}],"curies":[{"name":"wp","href":"https:\/\/api.w.org\/{rel}","templated":true}]}}