{"id":91584,"date":"2026-04-30T11:44:46","date_gmt":"2026-04-30T17:44:46","guid":{"rendered":"https:\/\/mediagroup.mx\/?p=91584"},"modified":"2026-04-30T11:44:46","modified_gmt":"2026-04-30T17:44:46","slug":"en-el-dia-del-nino-adolfo-fito-torres-llama-a-proteger-a-las-infancias-de-los-contenidos-que-normalizan-la-violencia","status":"publish","type":"post","link":"https:\/\/mediagroup.mx\/index.php\/2026\/04\/30\/en-el-dia-del-nino-adolfo-fito-torres-llama-a-proteger-a-las-infancias-de-los-contenidos-que-normalizan-la-violencia\/","title":{"rendered":"En el D\u00eda del Ni\u00f1o, Adolfo \u201cFito\u201d Torres llama a proteger a las infancias de los contenidos que normalizan la violencia"},"content":{"rendered":"<p>Morelia, Michoac\u00e1n a 30 de abril 2026.- En el marco del D\u00eda del Ni\u00f1o en M\u00e9xico, Adolfo \u201cFito\u201d Torres hizo un llamado a madres, padres de familia, docentes y sociedad en general a asumir con mayor responsabilidad el acompa\u00f1amiento de ni\u00f1as, ni\u00f1os y j\u00f3venes ante la constante exposici\u00f3n a contenidos digitales que exaltan la violencia, el crimen y la narcocultura; \u201cHoy m\u00e1s que nunca debemos estar atentos a lo que consumen nuestros hijos. La tecnolog\u00eda es una herramienta extraordinaria, pero tambi\u00e9n puede convertirse en una puerta de entrada a contenidos que distorsionan valores y normalizan la violencia\u201d, expres\u00f3.<\/p>\n<p>Fito se\u00f1al\u00f3 que actualmente las nuevas generaciones crecen en una era digital donde plataformas, redes sociales, m\u00fasica, videojuegos y series presentan de manera cotidiana mensajes que pueden normalizar conductas violentas y construir falsas aspiraciones relacionadas con el dinero f\u00e1cil y el crimen organizado.<\/p>\n<p>El objetivo no es prohibir ni censurar, sino generar criterio, es necesario que nuestros ni\u00f1os y j\u00f3venes aprendan a identificar cuando un contenido promueve violencia, ilegalidad o falsas ideas de \u00e9xito, por eso el autor del libro Apaguemos la narcocultura destac\u00f3 que este proyecto naci\u00f3 precisamente de la preocupaci\u00f3n social por el impacto que tiene la narcocultura en las juventudes y por la necesidad de generar herramientas pr\u00e1cticas que ayuden a formar pensamiento cr\u00edtico desde casa y desde las escuelas.<br \/>\nReiter\u00f3 Fito su invitacio\u00edn a descargar gratuitamente el libro y las gu\u00edas disponibles en la plataforma Apaguemos la Narcocultura, a trav\u00e9s del portal: https:\/\/apaguemoslanarcocultura.com\/, una gu\u00eda est\u00e1 dise\u00f1ada para trabajarse de manera conjunta entre familias, docentes y j\u00f3venes, mediante ejercicios, conversaciones y herramientas que permitan detectar se\u00f1ales de alerta y fomentar valores positivos, empat\u00eda y cultura de paz.<\/p>\n<p>\u201cDebemos recuperar el papel formativo de la familia y la comunidad. Nuestros ni\u00f1os necesitan referentes positivos, necesitan espacios seguros y adultos presentes que los acompa\u00f1en en esta realidad digital\u201d. Finalmente, Fito Torres reafirm\u00f3 su compromiso de continuar impulsando conferencias, espacios de di\u00e1logo y herramientas educativas que contribuyan a proteger a las nuevas generaciones y fortalecer una cultura alejada de la violencia.<\/p>\n<p><img loading=\"lazy\" decoding=\"async\" class=\"alignnone size-medium wp-image-91585\" src=\"https:\/\/mediagroup.mx\/wp-content\/uploads\/2026\/04\/WhatsApp-Image-2026-04-30-at-10.31.59-AM-1-209x300.jpeg\" alt=\"\" width=\"209\" height=\"300\" srcset=\"https:\/\/mediagroup.mx\/wp-content\/uploads\/2026\/04\/WhatsApp-Image-2026-04-30-at-10.31.59-AM-1-209x300.jpeg 209w, https:\/\/mediagroup.mx\/wp-content\/uploads\/2026\/04\/WhatsApp-Image-2026-04-30-at-10.31.59-AM-1-150x216.jpeg 150w, https:\/\/mediagroup.mx\/wp-content\/uploads\/2026\/04\/WhatsApp-Image-2026-04-30-at-10.31.59-AM-1-300x431.jpeg 300w, https:\/\/mediagroup.mx\/wp-content\/uploads\/2026\/04\/WhatsApp-Image-2026-04-30-at-10.31.59-AM-1.jpeg 544w\" sizes=\"auto, (max-width: 209px) 100vw, 209px\" \/> <img loading=\"lazy\" decoding=\"async\" class=\"alignnone size-medium wp-image-91586\" src=\"https:\/\/mediagroup.mx\/wp-content\/uploads\/2026\/04\/WhatsApp-Image-2026-04-30-at-10.31.59-AM-300x200.jpeg\" alt=\"\" width=\"300\" height=\"200\" srcset=\"https:\/\/mediagroup.mx\/wp-content\/uploads\/2026\/04\/WhatsApp-Image-2026-04-30-at-10.31.59-AM-300x200.jpeg 300w, https:\/\/mediagroup.mx\/wp-content\/uploads\/2026\/04\/WhatsApp-Image-2026-04-30-at-10.31.59-AM-1024x682.jpeg 1024w, https:\/\/mediagroup.mx\/wp-content\/uploads\/2026\/04\/WhatsApp-Image-2026-04-30-at-10.31.59-AM-768x512.jpeg 768w, https:\/\/mediagroup.mx\/wp-content\/uploads\/2026\/04\/WhatsApp-Image-2026-04-30-at-10.31.59-AM-150x100.jpeg 150w, https:\/\/mediagroup.mx\/wp-content\/uploads\/2026\/04\/WhatsApp-Image-2026-04-30-at-10.31.59-AM-696x464.jpeg 696w, https:\/\/mediagroup.mx\/wp-content\/uploads\/2026\/04\/WhatsApp-Image-2026-04-30-at-10.31.59-AM-1068x712.jpeg 1068w, https:\/\/mediagroup.mx\/wp-content\/uploads\/2026\/04\/WhatsApp-Image-2026-04-30-at-10.31.59-AM.jpeg 1280w\" sizes=\"auto, (max-width: 300px) 100vw, 300px\" \/><\/p>\n","protected":false},"excerpt":{"rendered":"<p>Morelia, Michoac\u00e1n a 30 de abril 2026.- En el marco del D\u00eda del Ni\u00f1o en M\u00e9xico, Adolfo \u201cFito\u201d Torres hizo un llamado a madres, padres de familia, docentes y sociedad en general a asumir con mayor responsabilidad el acompa\u00f1amiento de ni\u00f1as, ni\u00f1os y j\u00f3venes ante la constante exposici\u00f3n a contenidos digitales que exaltan la violencia, [&hellip;]<\/p>\n","protected":false},"author":2,"featured_media":91586,"comment_status":"closed","ping_status":"closed","sticky":false,"template":"","format":"standard","meta":{"om_disable_all_campaigns":false,"_monsterinsights_skip_tracking":false,"_monsterinsights_sitenote_active":false,"_monsterinsights_sitenote_note":"","_monsterinsights_sitenote_category":0,"_uf_show_specific_survey":0,"_uf_disable_surveys":false,"_jetpack_memberships_contains_paid_content":false,"footnotes":"","jetpack_publicize_message":"En el D\u00eda del Ni\u00f1o, Adolfo \u201cFito\u201d Torres llama a proteger a las infancias de los contenidos que normalizan la violencia","jetpack_publicize_feature_enabled":true,"jetpack_social_post_already_shared":true,"jetpack_social_options":{"image_generator_settings":{"template":"highway","default_image_id":0,"enabled":false},"version":2}},"categories":[15],"tags":[],"class_list":{"0":"post-91584","1":"post","2":"type-post","3":"status-publish","4":"format-standard","5":"has-post-thumbnail","7":"category-michoacan"},"aioseo_notices":[],"jetpack_publicize_connections":[],"jetpack_featured_media_url":"https:\/\/mediagroup.mx\/wp-content\/uploads\/2026\/04\/WhatsApp-Image-2026-04-30-at-10.31.59-AM.jpeg","jetpack_sharing_enabled":true,"_links":{"self":[{"href":"https:\/\/mediagroup.mx\/index.php\/wp-json\/wp\/v2\/posts\/91584","targetHints":{"allow":["GET"]}}],"collection":[{"href":"https:\/\/mediagroup.mx\/index.php\/wp-json\/wp\/v2\/posts"}],"about":[{"href":"https:\/\/mediagroup.mx\/index.php\/wp-json\/wp\/v2\/types\/post"}],"author":[{"embeddable":true,"href":"https:\/\/mediagroup.mx\/index.php\/wp-json\/wp\/v2\/users\/2"}],"replies":[{"embeddable":true,"href":"https:\/\/mediagroup.mx\/index.php\/wp-json\/wp\/v2\/comments?post=91584"}],"version-history":[{"count":1,"href":"https:\/\/mediagroup.mx\/index.php\/wp-json\/wp\/v2\/posts\/91584\/revisions"}],"predecessor-version":[{"id":91587,"href":"https:\/\/mediagroup.mx\/index.php\/wp-json\/wp\/v2\/posts\/91584\/revisions\/91587"}],"wp:featuredmedia":[{"embeddable":true,"href":"https:\/\/mediagroup.mx\/index.php\/wp-json\/wp\/v2\/media\/91586"}],"wp:attachment":[{"href":"https:\/\/mediagroup.mx\/index.php\/wp-json\/wp\/v2\/media?parent=91584"}],"wp:term":[{"taxonomy":"category","embeddable":true,"href":"https:\/\/mediagroup.mx\/index.php\/wp-json\/wp\/v2\/categories?post=91584"},{"taxonomy":"post_tag","embeddable":true,"href":"https:\/\/mediagroup.mx\/index.php\/wp-json\/wp\/v2\/tags?post=91584"}],"curies":[{"name":"wp","href":"https:\/\/api.w.org\/{rel}","templated":true}]}}