{"id":91591,"date":"2026-04-30T11:48:06","date_gmt":"2026-04-30T17:48:06","guid":{"rendered":"https:\/\/mediagroup.mx\/?p=91591"},"modified":"2026-04-30T11:48:06","modified_gmt":"2026-04-30T17:48:06","slug":"auto-impacta-contra-retaguardia-de-camion-de-carga-hay-dos-heridos","status":"publish","type":"post","link":"https:\/\/mediagroup.mx\/index.php\/2026\/04\/30\/auto-impacta-contra-retaguardia-de-camion-de-carga-hay-dos-heridos\/","title":{"rendered":"Auto impacta contra retaguardia de cami\u00f3n de carga; hay dos heridos"},"content":{"rendered":"<p>RED 113 MICHOAC\u00c1N\/Redacci\u00f3n<\/p>\n<p>Uruapan, Mich.- 30 de abril de 2026.- La ma\u00f1ana de este jueves, dos personas resultaron lesionadas luego de que el veh\u00edculo en el que viajaban choc\u00f3 por alcance contra un cami\u00f3n de carga sobre el Libramiento Oriente de Uruapan, a unos metros de la Calzada La Fuente.<\/p>\n<p>Se pudo conocer que cerca de las 06:30 horas, un auto compacto de la marca Volkswagen Jetta, circulaba con direcci\u00f3n de sur a norte cuando a la altura de la empresa refresquera Aga se impact\u00f3 contra la parte posterior del cami\u00f3n de redilas, aparentemente debido al exceso de velocidad.<\/p>\n<p>Algunos automovilistas reportaron el accidente a los sistemas de emergencia y al lugar se desplazaron param\u00e9dicos de Rescate Michoac\u00e1n Delegaci\u00f3n Uruapan, quienes auxiliaron a los ocupantes del Jetta y los trasladaron a un hospital sin que se revelaran sus identidades.<\/p>\n<p>Por su parte, elementos de Tr\u00e1nsito y Vialidad Municipal arribaron minutos despu\u00e9s para realizar el peritaje y determinar responsabilidades.<\/p>\n<p><img loading=\"lazy\" decoding=\"async\" class=\"alignnone size-medium wp-image-91592\" src=\"https:\/\/mediagroup.mx\/wp-content\/uploads\/2026\/04\/WhatsApp-Image-2026-04-30-at-9.36.59-AM-300x182.jpeg\" alt=\"\" width=\"300\" height=\"182\" srcset=\"https:\/\/mediagroup.mx\/wp-content\/uploads\/2026\/04\/WhatsApp-Image-2026-04-30-at-9.36.59-AM-300x182.jpeg 300w, https:\/\/mediagroup.mx\/wp-content\/uploads\/2026\/04\/WhatsApp-Image-2026-04-30-at-9.36.59-AM-1024x621.jpeg 1024w, https:\/\/mediagroup.mx\/wp-content\/uploads\/2026\/04\/WhatsApp-Image-2026-04-30-at-9.36.59-AM-768x466.jpeg 768w, https:\/\/mediagroup.mx\/wp-content\/uploads\/2026\/04\/WhatsApp-Image-2026-04-30-at-9.36.59-AM-1536x931.jpeg 1536w, https:\/\/mediagroup.mx\/wp-content\/uploads\/2026\/04\/WhatsApp-Image-2026-04-30-at-9.36.59-AM-150x91.jpeg 150w, https:\/\/mediagroup.mx\/wp-content\/uploads\/2026\/04\/WhatsApp-Image-2026-04-30-at-9.36.59-AM-696x422.jpeg 696w, https:\/\/mediagroup.mx\/wp-content\/uploads\/2026\/04\/WhatsApp-Image-2026-04-30-at-9.36.59-AM-1068x647.jpeg 1068w, https:\/\/mediagroup.mx\/wp-content\/uploads\/2026\/04\/WhatsApp-Image-2026-04-30-at-9.36.59-AM.jpeg 1600w\" sizes=\"auto, (max-width: 300px) 100vw, 300px\" \/><\/p>\n","protected":false},"excerpt":{"rendered":"<p>RED 113 MICHOAC\u00c1N\/Redacci\u00f3n Uruapan, Mich.- 30 de abril de 2026.- La ma\u00f1ana de este jueves, dos personas resultaron lesionadas luego de que el veh\u00edculo en el que viajaban choc\u00f3 por alcance contra un cami\u00f3n de carga sobre el Libramiento Oriente de Uruapan, a unos metros de la Calzada La Fuente. Se pudo conocer que cerca [&hellip;]<\/p>\n","protected":false},"author":2,"featured_media":91592,"comment_status":"closed","ping_status":"closed","sticky":false,"template":"","format":"standard","meta":{"om_disable_all_campaigns":false,"_monsterinsights_skip_tracking":false,"_monsterinsights_sitenote_active":false,"_monsterinsights_sitenote_note":"","_monsterinsights_sitenote_category":0,"_uf_show_specific_survey":0,"_uf_disable_surveys":false,"_jetpack_memberships_contains_paid_content":false,"footnotes":"","jetpack_publicize_message":"Auto impacta contra retaguardia de cami\u00f3n de carga; hay dos heridos\r\n\r\n+El accidente en el Libramiento de Uruapan","jetpack_publicize_feature_enabled":true,"jetpack_social_post_already_shared":true,"jetpack_social_options":{"image_generator_settings":{"template":"highway","default_image_id":0,"enabled":false},"version":2}},"categories":[36],"tags":[],"class_list":{"0":"post-91591","1":"post","2":"type-post","3":"status-publish","4":"format-standard","5":"has-post-thumbnail","7":"category-michoacanseguridad"},"aioseo_notices":[],"jetpack_publicize_connections":[],"jetpack_featured_media_url":"https:\/\/mediagroup.mx\/wp-content\/uploads\/2026\/04\/WhatsApp-Image-2026-04-30-at-9.36.59-AM.jpeg","jetpack_sharing_enabled":true,"_links":{"self":[{"href":"https:\/\/mediagroup.mx\/index.php\/wp-json\/wp\/v2\/posts\/91591","targetHints":{"allow":["GET"]}}],"collection":[{"href":"https:\/\/mediagroup.mx\/index.php\/wp-json\/wp\/v2\/posts"}],"about":[{"href":"https:\/\/mediagroup.mx\/index.php\/wp-json\/wp\/v2\/types\/post"}],"author":[{"embeddable":true,"href":"https:\/\/mediagroup.mx\/index.php\/wp-json\/wp\/v2\/users\/2"}],"replies":[{"embeddable":true,"href":"https:\/\/mediagroup.mx\/index.php\/wp-json\/wp\/v2\/comments?post=91591"}],"version-history":[{"count":1,"href":"https:\/\/mediagroup.mx\/index.php\/wp-json\/wp\/v2\/posts\/91591\/revisions"}],"predecessor-version":[{"id":91593,"href":"https:\/\/mediagroup.mx\/index.php\/wp-json\/wp\/v2\/posts\/91591\/revisions\/91593"}],"wp:featuredmedia":[{"embeddable":true,"href":"https:\/\/mediagroup.mx\/index.php\/wp-json\/wp\/v2\/media\/91592"}],"wp:attachment":[{"href":"https:\/\/mediagroup.mx\/index.php\/wp-json\/wp\/v2\/media?parent=91591"}],"wp:term":[{"taxonomy":"category","embeddable":true,"href":"https:\/\/mediagroup.mx\/index.php\/wp-json\/wp\/v2\/categories?post=91591"},{"taxonomy":"post_tag","embeddable":true,"href":"https:\/\/mediagroup.mx\/index.php\/wp-json\/wp\/v2\/tags?post=91591"}],"curies":[{"name":"wp","href":"https:\/\/api.w.org\/{rel}","templated":true}]}}