{"id":91605,"date":"2026-04-30T16:17:44","date_gmt":"2026-04-30T22:17:44","guid":{"rendered":"https:\/\/mediagroup.mx\/?p=91605"},"modified":"2026-04-30T16:17:44","modified_gmt":"2026-04-30T22:17:44","slug":"gobierno-de-michoacan-media-dialogo-ante-huelga-en-la-universidad-michoacana","status":"publish","type":"post","link":"https:\/\/mediagroup.mx\/index.php\/2026\/04\/30\/gobierno-de-michoacan-media-dialogo-ante-huelga-en-la-universidad-michoacana\/","title":{"rendered":"Gobierno de Michoac\u00e1n media di\u00e1logo ante huelga en la Universidad Michoacana"},"content":{"rendered":"<p>RED 113 MICHOAC\u00c1N\/Redacci\u00f3n<\/p>\n<p>Morelia, Mich.- 30 de abril de 2026.- El gobernador de Michoac\u00e1n, Alfredo Ram\u00edrez Bedolla, confirm\u00f3 que el gobierno estatal mantiene una ruta de mediaci\u00f3n ante la huelga en la Universidad Michoacana de San Nicol\u00e1s de Hidalgo (UMSNH), donde ya iniciaron mesas de di\u00e1logo entre el sindicato y la rector\u00eda.<\/p>\n<p>El mandatario explic\u00f3 que la administraci\u00f3n estatal participa \u00fanicamente como puente entre ambas partes, con el objetivo de facilitar acuerdos que permitan avanzar en la soluci\u00f3n del conflicto laboral.<\/p>\n<p>En esta labor de mediaci\u00f3n, destac\u00f3 la participaci\u00f3n del secretario de Gobierno, Ra\u00fal Zepeda, as\u00ed como del consejero jur\u00eddico estatal, C\u00e9sar Ocegueda, quienes acompa\u00f1an las mesas de trabajo.<\/p>\n<p>Ram\u00edrez Bedolla asegur\u00f3 que existen recursos suficientes para responder a las negociaciones salariales y prestaciones laborales, al se\u00f1alar que la universidad cuenta con el presupuesto m\u00e1s alto de su historia.<\/p>\n<p>Indic\u00f3 que este financiamiento est\u00e1 respaldado por el esquema constitucional que garantiza a la instituci\u00f3n un presupuesto equivalente al 4.5 por ciento del gasto estatal.<\/p>\n<p>Finalmente, expres\u00f3 confianza en que el di\u00e1logo permita alcanzar acuerdos que salvaguarden tanto los derechos de los trabajadores como la continuidad acad\u00e9mica de estudiantes de la UMSNH.<\/p>\n<p><img loading=\"lazy\" decoding=\"async\" class=\"alignnone size-medium wp-image-91606\" src=\"https:\/\/mediagroup.mx\/wp-content\/uploads\/2026\/04\/WhatsApp-Image-2026-04-30-at-4.10.21-PM-300x169.jpeg\" alt=\"\" width=\"300\" height=\"169\" srcset=\"https:\/\/mediagroup.mx\/wp-content\/uploads\/2026\/04\/WhatsApp-Image-2026-04-30-at-4.10.21-PM-300x169.jpeg 300w, https:\/\/mediagroup.mx\/wp-content\/uploads\/2026\/04\/WhatsApp-Image-2026-04-30-at-4.10.21-PM-1024x576.jpeg 1024w, https:\/\/mediagroup.mx\/wp-content\/uploads\/2026\/04\/WhatsApp-Image-2026-04-30-at-4.10.21-PM-768x432.jpeg 768w, https:\/\/mediagroup.mx\/wp-content\/uploads\/2026\/04\/WhatsApp-Image-2026-04-30-at-4.10.21-PM-1536x864.jpeg 1536w, https:\/\/mediagroup.mx\/wp-content\/uploads\/2026\/04\/WhatsApp-Image-2026-04-30-at-4.10.21-PM-2048x1152.jpeg 2048w, https:\/\/mediagroup.mx\/wp-content\/uploads\/2026\/04\/WhatsApp-Image-2026-04-30-at-4.10.21-PM-150x84.jpeg 150w, https:\/\/mediagroup.mx\/wp-content\/uploads\/2026\/04\/WhatsApp-Image-2026-04-30-at-4.10.21-PM-696x392.jpeg 696w, https:\/\/mediagroup.mx\/wp-content\/uploads\/2026\/04\/WhatsApp-Image-2026-04-30-at-4.10.21-PM-1068x601.jpeg 1068w, https:\/\/mediagroup.mx\/wp-content\/uploads\/2026\/04\/WhatsApp-Image-2026-04-30-at-4.10.21-PM-1920x1080.jpeg 1920w\" sizes=\"auto, (max-width: 300px) 100vw, 300px\" \/><\/p>\n","protected":false},"excerpt":{"rendered":"<p>RED 113 MICHOAC\u00c1N\/Redacci\u00f3n Morelia, Mich.- 30 de abril de 2026.- El gobernador de Michoac\u00e1n, Alfredo Ram\u00edrez Bedolla, confirm\u00f3 que el gobierno estatal mantiene una ruta de mediaci\u00f3n ante la huelga en la Universidad Michoacana de San Nicol\u00e1s de Hidalgo (UMSNH), donde ya iniciaron mesas de di\u00e1logo entre el sindicato y la rector\u00eda. El mandatario explic\u00f3 [&hellip;]<\/p>\n","protected":false},"author":2,"featured_media":91606,"comment_status":"closed","ping_status":"closed","sticky":false,"template":"","format":"standard","meta":{"om_disable_all_campaigns":false,"_monsterinsights_skip_tracking":false,"_monsterinsights_sitenote_active":false,"_monsterinsights_sitenote_note":"","_monsterinsights_sitenote_category":0,"_uf_show_specific_survey":0,"_uf_disable_surveys":false,"_jetpack_memberships_contains_paid_content":false,"footnotes":"","jetpack_publicize_message":"Gobierno de Michoac\u00e1n media di\u00e1logo ante huelga en la Universidad Michoacana","jetpack_publicize_feature_enabled":true,"jetpack_social_post_already_shared":true,"jetpack_social_options":{"image_generator_settings":{"template":"highway","default_image_id":0,"enabled":false},"version":2}},"categories":[22],"tags":[193,310,603,61],"class_list":{"0":"post-91605","1":"post","2":"type-post","3":"status-publish","4":"format-standard","5":"has-post-thumbnail","7":"category-educacion","8":"tag-bedolla","9":"tag-gobierno-de-michoacan","10":"tag-huelga","11":"tag-umsnh"},"aioseo_notices":[],"jetpack_publicize_connections":[],"jetpack_featured_media_url":"https:\/\/mediagroup.mx\/wp-content\/uploads\/2026\/04\/WhatsApp-Image-2026-04-30-at-4.10.21-PM-scaled.jpeg","jetpack_sharing_enabled":true,"_links":{"self":[{"href":"https:\/\/mediagroup.mx\/index.php\/wp-json\/wp\/v2\/posts\/91605","targetHints":{"allow":["GET"]}}],"collection":[{"href":"https:\/\/mediagroup.mx\/index.php\/wp-json\/wp\/v2\/posts"}],"about":[{"href":"https:\/\/mediagroup.mx\/index.php\/wp-json\/wp\/v2\/types\/post"}],"author":[{"embeddable":true,"href":"https:\/\/mediagroup.mx\/index.php\/wp-json\/wp\/v2\/users\/2"}],"replies":[{"embeddable":true,"href":"https:\/\/mediagroup.mx\/index.php\/wp-json\/wp\/v2\/comments?post=91605"}],"version-history":[{"count":1,"href":"https:\/\/mediagroup.mx\/index.php\/wp-json\/wp\/v2\/posts\/91605\/revisions"}],"predecessor-version":[{"id":91607,"href":"https:\/\/mediagroup.mx\/index.php\/wp-json\/wp\/v2\/posts\/91605\/revisions\/91607"}],"wp:featuredmedia":[{"embeddable":true,"href":"https:\/\/mediagroup.mx\/index.php\/wp-json\/wp\/v2\/media\/91606"}],"wp:attachment":[{"href":"https:\/\/mediagroup.mx\/index.php\/wp-json\/wp\/v2\/media?parent=91605"}],"wp:term":[{"taxonomy":"category","embeddable":true,"href":"https:\/\/mediagroup.mx\/index.php\/wp-json\/wp\/v2\/categories?post=91605"},{"taxonomy":"post_tag","embeddable":true,"href":"https:\/\/mediagroup.mx\/index.php\/wp-json\/wp\/v2\/tags?post=91605"}],"curies":[{"name":"wp","href":"https:\/\/api.w.org\/{rel}","templated":true}]}}