{"id":91608,"date":"2026-04-30T16:20:00","date_gmt":"2026-04-30T22:20:00","guid":{"rendered":"https:\/\/mediagroup.mx\/?p=91608"},"modified":"2026-04-30T16:20:00","modified_gmt":"2026-04-30T22:20:00","slug":"adulto-mayor-fallece-en-estacionamiento-la-zona-bancaria-de-las-americas-al-sur-de-morelia","status":"publish","type":"post","link":"https:\/\/mediagroup.mx\/index.php\/2026\/04\/30\/adulto-mayor-fallece-en-estacionamiento-la-zona-bancaria-de-las-americas-al-sur-de-morelia\/","title":{"rendered":"Adulto mayor fallece en estacionamiento la zona bancaria de Las Am\u00e9ricas, al sur de Morelia"},"content":{"rendered":"<p>RED 113 MICHOAC\u00c1N\/ Redacci\u00f3n<\/p>\n<p>Morelia, Mich.- Jueves 30 de abril de 2026.- Un hombre de la tercera edad falleci\u00f3 tras sentirse mal de salud y desmayarse en el estacionamiento de la zona bancaria de la colonia Las Am\u00e9ricas, informaron fuentes policiales, las cuales agregaron que, al parecer, el susodicho era un \u201cviene viene\u201d y posiblemente sufri\u00f3 un golpe de calor.<\/p>\n<p>El hecho se registr\u00f3 la tarde de este jueves en el citado aparcamiento, a pocos metros de la calle Paraguay. Trascendi\u00f3 que el masculino ten\u00eda aproximadamente 65 a\u00f1os de edad; su identidad no fue revelada por las autoridades.<\/p>\n<p>El caso fue reportado al n\u00famero de emergencias. Posteriormente, arribaron param\u00e9dicos, quienes confirmaron el deceso del adulto mayor. Elementos de la Polic\u00eda Municipal acordonaron el \u00e1rea y solicitaron la intervenci\u00f3n de la Fiscal\u00eda General del Estado (FGE), cuyos especialistas de la Unidad de Atenci\u00f3n Inmediata se encargaron de las actuaciones correspondientes.<\/p>\n<p><img loading=\"lazy\" decoding=\"async\" class=\"alignnone size-medium wp-image-91609\" src=\"https:\/\/mediagroup.mx\/wp-content\/uploads\/2026\/04\/WhatsApp-Image-2026-04-30-at-4.15.46-PM-300x138.jpeg\" alt=\"\" width=\"300\" height=\"138\" srcset=\"https:\/\/mediagroup.mx\/wp-content\/uploads\/2026\/04\/WhatsApp-Image-2026-04-30-at-4.15.46-PM-300x138.jpeg 300w, https:\/\/mediagroup.mx\/wp-content\/uploads\/2026\/04\/WhatsApp-Image-2026-04-30-at-4.15.46-PM-1024x473.jpeg 1024w, https:\/\/mediagroup.mx\/wp-content\/uploads\/2026\/04\/WhatsApp-Image-2026-04-30-at-4.15.46-PM-768x354.jpeg 768w, https:\/\/mediagroup.mx\/wp-content\/uploads\/2026\/04\/WhatsApp-Image-2026-04-30-at-4.15.46-PM-1536x709.jpeg 1536w, https:\/\/mediagroup.mx\/wp-content\/uploads\/2026\/04\/WhatsApp-Image-2026-04-30-at-4.15.46-PM-150x69.jpeg 150w, https:\/\/mediagroup.mx\/wp-content\/uploads\/2026\/04\/WhatsApp-Image-2026-04-30-at-4.15.46-PM-696x321.jpeg 696w, https:\/\/mediagroup.mx\/wp-content\/uploads\/2026\/04\/WhatsApp-Image-2026-04-30-at-4.15.46-PM-1068x493.jpeg 1068w, https:\/\/mediagroup.mx\/wp-content\/uploads\/2026\/04\/WhatsApp-Image-2026-04-30-at-4.15.46-PM-1920x886.jpeg 1920w, https:\/\/mediagroup.mx\/wp-content\/uploads\/2026\/04\/WhatsApp-Image-2026-04-30-at-4.15.46-PM.jpeg 2048w\" sizes=\"auto, (max-width: 300px) 100vw, 300px\" \/><\/p>\n","protected":false},"excerpt":{"rendered":"<p>RED 113 MICHOAC\u00c1N\/ Redacci\u00f3n Morelia, Mich.- Jueves 30 de abril de 2026.- Un hombre de la tercera edad falleci\u00f3 tras sentirse mal de salud y desmayarse en el estacionamiento de la zona bancaria de la colonia Las Am\u00e9ricas, informaron fuentes policiales, las cuales agregaron que, al parecer, el susodicho era un \u201cviene viene\u201d y posiblemente [&hellip;]<\/p>\n","protected":false},"author":2,"featured_media":91609,"comment_status":"closed","ping_status":"closed","sticky":false,"template":"","format":"standard","meta":{"om_disable_all_campaigns":false,"_monsterinsights_skip_tracking":false,"_monsterinsights_sitenote_active":false,"_monsterinsights_sitenote_note":"","_monsterinsights_sitenote_category":0,"_uf_show_specific_survey":0,"_uf_disable_surveys":false,"_jetpack_memberships_contains_paid_content":false,"footnotes":"","jetpack_publicize_message":"Adulto mayor fallece en estacionamiento la zona bancaria de Las Am\u00e9ricas, al sur de Morelia \r\n\r\n  + El susodicho no ten\u00eda huellas de violencia y su deceso fue por causas naturales, probablemente sufri\u00f3 un golpe de calor.","jetpack_publicize_feature_enabled":true,"jetpack_social_post_already_shared":true,"jetpack_social_options":{"image_generator_settings":{"template":"highway","default_image_id":0,"enabled":false},"version":2}},"categories":[17],"tags":[615,617,616,618],"class_list":{"0":"post-91608","1":"post","2":"type-post","3":"status-publish","4":"format-standard","5":"has-post-thumbnail","7":"category-morelia","8":"tag-audlto-mayor","9":"tag-estacionamento","10":"tag-fallece","11":"tag-las-americas"},"aioseo_notices":[],"jetpack_publicize_connections":[],"jetpack_featured_media_url":"https:\/\/mediagroup.mx\/wp-content\/uploads\/2026\/04\/WhatsApp-Image-2026-04-30-at-4.15.46-PM.jpeg","jetpack_sharing_enabled":true,"_links":{"self":[{"href":"https:\/\/mediagroup.mx\/index.php\/wp-json\/wp\/v2\/posts\/91608","targetHints":{"allow":["GET"]}}],"collection":[{"href":"https:\/\/mediagroup.mx\/index.php\/wp-json\/wp\/v2\/posts"}],"about":[{"href":"https:\/\/mediagroup.mx\/index.php\/wp-json\/wp\/v2\/types\/post"}],"author":[{"embeddable":true,"href":"https:\/\/mediagroup.mx\/index.php\/wp-json\/wp\/v2\/users\/2"}],"replies":[{"embeddable":true,"href":"https:\/\/mediagroup.mx\/index.php\/wp-json\/wp\/v2\/comments?post=91608"}],"version-history":[{"count":1,"href":"https:\/\/mediagroup.mx\/index.php\/wp-json\/wp\/v2\/posts\/91608\/revisions"}],"predecessor-version":[{"id":91610,"href":"https:\/\/mediagroup.mx\/index.php\/wp-json\/wp\/v2\/posts\/91608\/revisions\/91610"}],"wp:featuredmedia":[{"embeddable":true,"href":"https:\/\/mediagroup.mx\/index.php\/wp-json\/wp\/v2\/media\/91609"}],"wp:attachment":[{"href":"https:\/\/mediagroup.mx\/index.php\/wp-json\/wp\/v2\/media?parent=91608"}],"wp:term":[{"taxonomy":"category","embeddable":true,"href":"https:\/\/mediagroup.mx\/index.php\/wp-json\/wp\/v2\/categories?post=91608"},{"taxonomy":"post_tag","embeddable":true,"href":"https:\/\/mediagroup.mx\/index.php\/wp-json\/wp\/v2\/tags?post=91608"}],"curies":[{"name":"wp","href":"https:\/\/api.w.org\/{rel}","templated":true}]}}