{"id":91611,"date":"2026-04-30T16:23:05","date_gmt":"2026-04-30T22:23:05","guid":{"rendered":"https:\/\/mediagroup.mx\/?p=91611"},"modified":"2026-04-30T16:23:05","modified_gmt":"2026-04-30T22:23:05","slug":"gobernador-pide-atender-alertas-escolares-y-evitar-estigmas-regionales","status":"publish","type":"post","link":"https:\/\/mediagroup.mx\/index.php\/2026\/04\/30\/gobernador-pide-atender-alertas-escolares-y-evitar-estigmas-regionales\/","title":{"rendered":"Gobernador pide atender alertas escolares y evitar estigmas regionales"},"content":{"rendered":"<p>RED 113 MICHOAC\u00c1N\/Redacci\u00f3n<\/p>\n<p>Morelia, Mich.- 30 de abril de 2026.- El gobernador de Michoac\u00e1n, Alfredo Ram\u00edrez Bedolla, llam\u00f3 a madres, padres de familia, docentes y autoridades educativas a no minimizar mensajes o alertas de amenaza en escuelas, al se\u00f1alar que, aunque los casos detectados hasta ahora han resultado falsos, es necesario actuar de manera inmediata y preventiva.<\/p>\n<p>El mandatario estatal subray\u00f3 que cualquier se\u00f1al de riesgo debe reportarse oportunamente a las autoridades para responder \u201cen tiempo y forma\u201d, como ya ha ocurrido en Morelia y otros municipios del estado.<\/p>\n<p>\u201cTodos han sido falsos, pero hay que estar atentos\u201d, expres\u00f3, al insistir en que estas situaciones no deben ser ignoradas, ya que la prevenci\u00f3n permite activar protocolos y reducir riesgos.<\/p>\n<p>Durante entrevista, Alfredo Ram\u00edrez Bedolla tambi\u00e9n pidi\u00f3 evitar la estigmatizaci\u00f3n de municipios o regiones de Michoac\u00e1n por temas de seguridad, al considerar que persiste una percepci\u00f3n negativa que afecta al estado.<\/p>\n<p>\u201cNo estigmaticemos a ninguna regi\u00f3n del estado; valemos igual todos los michoacanos\u201d, afirm\u00f3.<\/p>\n<p>Respecto a la audiencia de Osmar N., acusado por el homicidio de dos maestras en una preparatoria de L\u00e1zaro C\u00e1rdenas, explic\u00f3 que el seguimiento jur\u00eddico corresponde a la Fiscal\u00eda General del Estado de Michoac\u00e1n, encabezada por Carlos Torres Pi\u00f1a.<\/p>\n<p>Ram\u00edrez Bedolla se\u00f1al\u00f3 que se mantiene atento al desarrollo del caso y reiter\u00f3 que debe abordarse con seriedad debido a la gravedad de los hechos y al debate jur\u00eddico que puede generar.<\/p>\n","protected":false},"excerpt":{"rendered":"<p>RED 113 MICHOAC\u00c1N\/Redacci\u00f3n Morelia, Mich.- 30 de abril de 2026.- El gobernador de Michoac\u00e1n, Alfredo Ram\u00edrez Bedolla, llam\u00f3 a madres, padres de familia, docentes y autoridades educativas a no minimizar mensajes o alertas de amenaza en escuelas, al se\u00f1alar que, aunque los casos detectados hasta ahora han resultado falsos, es necesario actuar de manera inmediata [&hellip;]<\/p>\n","protected":false},"author":2,"featured_media":91612,"comment_status":"closed","ping_status":"closed","sticky":false,"template":"","format":"standard","meta":{"om_disable_all_campaigns":false,"_monsterinsights_skip_tracking":false,"_monsterinsights_sitenote_active":false,"_monsterinsights_sitenote_note":"","_monsterinsights_sitenote_category":0,"_uf_show_specific_survey":0,"_uf_disable_surveys":false,"_jetpack_memberships_contains_paid_content":false,"footnotes":"","jetpack_publicize_message":"Gobernador pide atender alertas escolares y evitar estigmas regionales","jetpack_publicize_feature_enabled":true,"jetpack_social_post_already_shared":true,"jetpack_social_options":{"image_generator_settings":{"template":"highway","default_image_id":0,"enabled":false},"version":2}},"categories":[22],"tags":[193,60,619],"class_list":{"0":"post-91611","1":"post","2":"type-post","3":"status-publish","4":"format-standard","5":"has-post-thumbnail","7":"category-educacion","8":"tag-bedolla","9":"tag-educacion","10":"tag-escuelas"},"aioseo_notices":[],"jetpack_publicize_connections":[],"jetpack_featured_media_url":"https:\/\/mediagroup.mx\/wp-content\/uploads\/2026\/04\/WhatsApp-Image-2026-04-30-at-4.16.50-PM-scaled.jpeg","jetpack_sharing_enabled":true,"_links":{"self":[{"href":"https:\/\/mediagroup.mx\/index.php\/wp-json\/wp\/v2\/posts\/91611","targetHints":{"allow":["GET"]}}],"collection":[{"href":"https:\/\/mediagroup.mx\/index.php\/wp-json\/wp\/v2\/posts"}],"about":[{"href":"https:\/\/mediagroup.mx\/index.php\/wp-json\/wp\/v2\/types\/post"}],"author":[{"embeddable":true,"href":"https:\/\/mediagroup.mx\/index.php\/wp-json\/wp\/v2\/users\/2"}],"replies":[{"embeddable":true,"href":"https:\/\/mediagroup.mx\/index.php\/wp-json\/wp\/v2\/comments?post=91611"}],"version-history":[{"count":1,"href":"https:\/\/mediagroup.mx\/index.php\/wp-json\/wp\/v2\/posts\/91611\/revisions"}],"predecessor-version":[{"id":91613,"href":"https:\/\/mediagroup.mx\/index.php\/wp-json\/wp\/v2\/posts\/91611\/revisions\/91613"}],"wp:featuredmedia":[{"embeddable":true,"href":"https:\/\/mediagroup.mx\/index.php\/wp-json\/wp\/v2\/media\/91612"}],"wp:attachment":[{"href":"https:\/\/mediagroup.mx\/index.php\/wp-json\/wp\/v2\/media?parent=91611"}],"wp:term":[{"taxonomy":"category","embeddable":true,"href":"https:\/\/mediagroup.mx\/index.php\/wp-json\/wp\/v2\/categories?post=91611"},{"taxonomy":"post_tag","embeddable":true,"href":"https:\/\/mediagroup.mx\/index.php\/wp-json\/wp\/v2\/tags?post=91611"}],"curies":[{"name":"wp","href":"https:\/\/api.w.org\/{rel}","templated":true}]}}