{"id":91618,"date":"2026-04-30T18:15:45","date_gmt":"2026-05-01T00:15:45","guid":{"rendered":"https:\/\/mediagroup.mx\/?p=91618"},"modified":"2026-04-30T18:15:45","modified_gmt":"2026-05-01T00:15:45","slug":"exporienta-de-la-umsnh-y-la-feria-cientifica-llega-a-la-region-lerma-chapala","status":"publish","type":"post","link":"https:\/\/mediagroup.mx\/index.php\/2026\/04\/30\/exporienta-de-la-umsnh-y-la-feria-cientifica-llega-a-la-region-lerma-chapala\/","title":{"rendered":"Exporienta de la UMSNH y la feria cient\u00edfica llega a la regi\u00f3n Lerma-Chapala"},"content":{"rendered":"<p>Sahuayo, Michoac\u00e1n, a 30 de abril de 2026.- Como parte de las acciones del Plan Michoac\u00e1n por la Paz y la Justicia, la Universidad Michoacana de San Nicol\u00e1s de Hidalgo (UMSNH) particip\u00f3 en la Feria Cient\u00edfica que se desarroll\u00f3 en el municipio de Sahuayo, acercando la ciencia a la ni\u00f1ez, as\u00ed como la oferta educativa que ofrece la casa de estudios a las y los j\u00f3venes de la regi\u00f3n Lerma-Chapala.<\/p>\n<p>Al respecto, el coordinador de la Investigaci\u00f3n Cient\u00edfica de la UMSNH, Jaime Espino Valencia, comparti\u00f3 que siguiendo las instrucciones de la rectora Yarab\u00ed \u00c1vila Gonz\u00e1lez, la Universidad se ha sumado a estas actividades de divulgaci\u00f3n de la ciencia que se han realizado al interior del estado.<\/p>\n<p>El funcionario coment\u00f3 que durante la jornada realizada en Sahuayo se instalaron stands interactivos donde se comparti\u00f3 material de divulgaci\u00f3n cient\u00edfica, entre ellos la revista \u201cSaber M\u00e1s\u201d, publicaci\u00f3n bimestral con m\u00e1s de 15 a\u00f1os de trayectoria, que re\u00fane art\u00edculos accesibles y de inter\u00e9s en distintas \u00e1reas del conocimiento.<\/p>\n<p>\u201cInvitamos a la poblaci\u00f3n en general a estar atenta respecto a otros lugares que estaremos visitando, la Universidad sigue latente, sigue viva, sigue activa a trav\u00e9s de todas estas actividades que se realizan en los municipios\u201d, enfatiz\u00f3.<\/p>\n<p>Por su parte, la coordinadora de Proyectos Transversales y Responsabilidad Social Institucional, Rubi Rangel Reyes, indic\u00f3 que la UMSNH tambi\u00e9n tuvo presencia en la Feria Cient\u00edfica con \u201cExpOrienta en tu municipio\u201d con el fin de que las y los estudiantes conocieran los m\u00e1s de 50 programas educativos que ofrece la casa de estudios, en donde profesoras y profesores nicolaitas orientaron a los j\u00f3venes sobre el proceso de ingreso, ya que actualmente se encuentra abierta la convocatoria para el Ciclo Escolar 2026-2027.<\/p>\n<p>\u201cEl objetivo es que los estudiantes tambi\u00e9n cuenten con informaci\u00f3n sobre las Unidades Profesionales de la Universidad m\u00e1s cercanas a la ciudad de Sahuayo y por supuesto de todas las carreras que se ofrecen en Morelia\u201d, coment\u00f3.<\/p>\n<p><img loading=\"lazy\" decoding=\"async\" class=\"alignnone size-medium wp-image-91619\" src=\"https:\/\/mediagroup.mx\/wp-content\/uploads\/2026\/04\/WhatsApp-Image-2026-04-30-at-5.19.14-PM-300x225.jpeg\" alt=\"\" width=\"300\" height=\"225\" srcset=\"https:\/\/mediagroup.mx\/wp-content\/uploads\/2026\/04\/WhatsApp-Image-2026-04-30-at-5.19.14-PM-300x225.jpeg 300w, https:\/\/mediagroup.mx\/wp-content\/uploads\/2026\/04\/WhatsApp-Image-2026-04-30-at-5.19.14-PM-1024x768.jpeg 1024w, https:\/\/mediagroup.mx\/wp-content\/uploads\/2026\/04\/WhatsApp-Image-2026-04-30-at-5.19.14-PM-768x576.jpeg 768w, https:\/\/mediagroup.mx\/wp-content\/uploads\/2026\/04\/WhatsApp-Image-2026-04-30-at-5.19.14-PM-150x113.jpeg 150w, https:\/\/mediagroup.mx\/wp-content\/uploads\/2026\/04\/WhatsApp-Image-2026-04-30-at-5.19.14-PM-696x522.jpeg 696w, https:\/\/mediagroup.mx\/wp-content\/uploads\/2026\/04\/WhatsApp-Image-2026-04-30-at-5.19.14-PM-1068x801.jpeg 1068w, https:\/\/mediagroup.mx\/wp-content\/uploads\/2026\/04\/WhatsApp-Image-2026-04-30-at-5.19.14-PM.jpeg 1280w\" sizes=\"auto, (max-width: 300px) 100vw, 300px\" \/><\/p>\n","protected":false},"excerpt":{"rendered":"<p>Sahuayo, Michoac\u00e1n, a 30 de abril de 2026.- Como parte de las acciones del Plan Michoac\u00e1n por la Paz y la Justicia, la Universidad Michoacana de San Nicol\u00e1s de Hidalgo (UMSNH) particip\u00f3 en la Feria Cient\u00edfica que se desarroll\u00f3 en el municipio de Sahuayo, acercando la ciencia a la ni\u00f1ez, as\u00ed como la oferta educativa [&hellip;]<\/p>\n","protected":false},"author":2,"featured_media":91619,"comment_status":"closed","ping_status":"closed","sticky":false,"template":"","format":"standard","meta":{"om_disable_all_campaigns":false,"_monsterinsights_skip_tracking":false,"_monsterinsights_sitenote_active":false,"_monsterinsights_sitenote_note":"","_monsterinsights_sitenote_category":0,"_uf_show_specific_survey":0,"_uf_disable_surveys":false,"_jetpack_memberships_contains_paid_content":false,"footnotes":"","jetpack_publicize_message":"Exporienta de la UMSNH y la feria cient\u00edfica llega a la regi\u00f3n Lerma-Chapala\r\nLa Universidad Michoacana acerca la ciencia y su oferta educativa a las y los j\u00f3venes de Sahuayo y de municipios aleda\u00f1os.\u00a0","jetpack_publicize_feature_enabled":true,"jetpack_social_post_already_shared":true,"jetpack_social_options":{"image_generator_settings":{"template":"highway","default_image_id":0,"enabled":false},"version":2}},"categories":[22],"tags":[624,623,625,61,248],"class_list":{"0":"post-91618","1":"post","2":"type-post","3":"status-publish","4":"format-standard","5":"has-post-thumbnail","7":"category-educacion","8":"tag-exporienta","9":"tag-feria-cientifica","10":"tag-lerma-chapala","11":"tag-umsnh","12":"tag-yarabi-avila"},"aioseo_notices":[],"jetpack_publicize_connections":[],"jetpack_featured_media_url":"https:\/\/mediagroup.mx\/wp-content\/uploads\/2026\/04\/WhatsApp-Image-2026-04-30-at-5.19.14-PM.jpeg","jetpack_sharing_enabled":true,"_links":{"self":[{"href":"https:\/\/mediagroup.mx\/index.php\/wp-json\/wp\/v2\/posts\/91618","targetHints":{"allow":["GET"]}}],"collection":[{"href":"https:\/\/mediagroup.mx\/index.php\/wp-json\/wp\/v2\/posts"}],"about":[{"href":"https:\/\/mediagroup.mx\/index.php\/wp-json\/wp\/v2\/types\/post"}],"author":[{"embeddable":true,"href":"https:\/\/mediagroup.mx\/index.php\/wp-json\/wp\/v2\/users\/2"}],"replies":[{"embeddable":true,"href":"https:\/\/mediagroup.mx\/index.php\/wp-json\/wp\/v2\/comments?post=91618"}],"version-history":[{"count":1,"href":"https:\/\/mediagroup.mx\/index.php\/wp-json\/wp\/v2\/posts\/91618\/revisions"}],"predecessor-version":[{"id":91623,"href":"https:\/\/mediagroup.mx\/index.php\/wp-json\/wp\/v2\/posts\/91618\/revisions\/91623"}],"wp:featuredmedia":[{"embeddable":true,"href":"https:\/\/mediagroup.mx\/index.php\/wp-json\/wp\/v2\/media\/91619"}],"wp:attachment":[{"href":"https:\/\/mediagroup.mx\/index.php\/wp-json\/wp\/v2\/media?parent=91618"}],"wp:term":[{"taxonomy":"category","embeddable":true,"href":"https:\/\/mediagroup.mx\/index.php\/wp-json\/wp\/v2\/categories?post=91618"},{"taxonomy":"post_tag","embeddable":true,"href":"https:\/\/mediagroup.mx\/index.php\/wp-json\/wp\/v2\/tags?post=91618"}],"curies":[{"name":"wp","href":"https:\/\/api.w.org\/{rel}","templated":true}]}}