{"id":91649,"date":"2026-05-01T09:53:01","date_gmt":"2026-05-01T15:53:01","guid":{"rendered":"https:\/\/mediagroup.mx\/?p=91649"},"modified":"2026-05-01T09:53:01","modified_gmt":"2026-05-01T15:53:01","slug":"fabiola-alanis-refrenda-respaldo-a-la-presidenta-y-llama-a-la-unidad-nacional-en-defensa-de-la-soberania","status":"publish","type":"post","link":"https:\/\/mediagroup.mx\/index.php\/2026\/05\/01\/fabiola-alanis-refrenda-respaldo-a-la-presidenta-y-llama-a-la-unidad-nacional-en-defensa-de-la-soberania\/","title":{"rendered":"Fabiola Alan\u00eds refrenda respaldo a la Presidenta y llama a la unidad nacional en defensa de la soberan\u00eda \u00a0"},"content":{"rendered":"<p>Morelia, Michoac\u00e1n, a 01 de mayo de 2026.- La diputada Fabiola Alan\u00eds expres\u00f3 su respaldo firme a la presidenta de M\u00e9xico, Claudia Sheinbaum Pardo, al subrayar que la defensa de la soberan\u00eda nacional es un principio irrenunciable que debe guiar la actuaci\u00f3n del Estado mexicano frente a cualquier desaf\u00edo interno o externo.<br \/>\nFabiola Alan\u00eds destac\u00f3 que el momento que vive el pa\u00eds exige responsabilidad pol\u00edtica, cohesi\u00f3n social y claridad de principios, particularmente ante intentos de injerencia o desestabilizaci\u00f3n que buscan frenar el avance de la transformaci\u00f3n.<\/p>\n<p>\u201cLa Presidenta ha sido clara y firme: M\u00e9xico es un pa\u00eds libre, soberano e independiente. La cooperaci\u00f3n internacional debe darse en un marco de respeto absoluto a nuestras leyes y a nuestra Constituci\u00f3n. En nuestro pa\u00eds no hay espacio para la subordinaci\u00f3n\u201d, se\u00f1al\u00f3.<br \/>\nEn ese sentido, la legisladora hizo un llamado a cerrar filas en torno al liderazgo de la titular del Ejecutivo federal, privilegiando la unidad nacional como herramienta fundamental para enfrentar los retos actuales.<\/p>\n<p>\u201cHoy m\u00e1s que nunca necesitamos actuar con altura de miras. La soberan\u00eda, la paz y la estabilidad del pa\u00eds se defienden con unidad, con convicci\u00f3n y con lealtad al pueblo de M\u00e9xico\u201d, afirm\u00f3.<br \/>\nAsimismo, enfatiz\u00f3 que la Cuarta Transformaci\u00f3n ha logrado avances sustantivos en la vida p\u00fablica del pa\u00eds, lo que ha generado resistencias de grupos que buscan mantener privilegios y frenar el cambio.<\/p>\n<p>\u201cCuando se pone al pueblo en el centro de las decisiones, se afectan intereses. Por eso vemos intentos de desinformaci\u00f3n, de divisi\u00f3n y de confrontaci\u00f3n. Frente a ello, nuestra respuesta debe ser clara: fortalecer la unidad y defender el proyecto de transformaci\u00f3n\u201d, puntualiz\u00f3.<br \/>\nDesde Michoac\u00e1n, Fabiola Alan\u00eds reiter\u00f3 el compromiso de actuar con responsabilidad pol\u00edtica y contribuir a la estabilidad nacional.<\/p>\n<p>\u201cEn Michoac\u00e1n tenemos claro nuestro papel: no seremos factor de conflicto ni de divisi\u00f3n. Vamos a contribuir a la gobernabilidad, a la unidad y al fortalecimiento del proyecto que encabeza la Presidenta\u201d, sostuvo.<\/p>\n<p>Finalmente, subray\u00f3 que la defensa de la soberan\u00eda no es s\u00f3lo una tarea del gobierno, sino una responsabilidad colectiva del pueblo de M\u00e9xico.<br \/>\n\u201cLa historia de nuestro pa\u00eds nos ha ense\u00f1ado que la soberan\u00eda se defiende con dignidad, con unidad y con amor a M\u00e9xico. Hoy estamos llamados a honrar esa historia y a estar a la altura del momento\u201d, concluy\u00f3.<\/p>\n<p><img loading=\"lazy\" decoding=\"async\" class=\"alignnone size-medium wp-image-91650\" src=\"https:\/\/mediagroup.mx\/wp-content\/uploads\/2026\/05\/WhatsApp-Image-2026-05-01-at-9.45.05-AM-278x300.jpeg\" alt=\"\" width=\"278\" height=\"300\" srcset=\"https:\/\/mediagroup.mx\/wp-content\/uploads\/2026\/05\/WhatsApp-Image-2026-05-01-at-9.45.05-AM-278x300.jpeg 278w, https:\/\/mediagroup.mx\/wp-content\/uploads\/2026\/05\/WhatsApp-Image-2026-05-01-at-9.45.05-AM-150x162.jpeg 150w, https:\/\/mediagroup.mx\/wp-content\/uploads\/2026\/05\/WhatsApp-Image-2026-05-01-at-9.45.05-AM-300x324.jpeg 300w, https:\/\/mediagroup.mx\/wp-content\/uploads\/2026\/05\/WhatsApp-Image-2026-05-01-at-9.45.05-AM-696x752.jpeg 696w, https:\/\/mediagroup.mx\/wp-content\/uploads\/2026\/05\/WhatsApp-Image-2026-05-01-at-9.45.05-AM.jpeg 751w\" sizes=\"auto, (max-width: 278px) 100vw, 278px\" \/><\/p>\n","protected":false},"excerpt":{"rendered":"<p>Morelia, Michoac\u00e1n, a 01 de mayo de 2026.- La diputada Fabiola Alan\u00eds expres\u00f3 su respaldo firme a la presidenta de M\u00e9xico, Claudia Sheinbaum Pardo, al subrayar que la defensa de la soberan\u00eda nacional es un principio irrenunciable que debe guiar la actuaci\u00f3n del Estado mexicano frente a cualquier desaf\u00edo interno o externo. Fabiola Alan\u00eds destac\u00f3 [&hellip;]<\/p>\n","protected":false},"author":2,"featured_media":91650,"comment_status":"closed","ping_status":"closed","sticky":false,"template":"","format":"standard","meta":{"om_disable_all_campaigns":false,"_monsterinsights_skip_tracking":false,"_monsterinsights_sitenote_active":false,"_monsterinsights_sitenote_note":"","_monsterinsights_sitenote_category":0,"_uf_show_specific_survey":0,"_uf_disable_surveys":false,"_jetpack_memberships_contains_paid_content":false,"footnotes":"","jetpack_publicize_message":"Fabiola Alan\u00eds refrenda respaldo a la Presidenta y llama a la unidad nacional en defensa de la soberan\u00eda","jetpack_publicize_feature_enabled":true,"jetpack_social_post_already_shared":true,"jetpack_social_options":{"image_generator_settings":{"template":"highway","default_image_id":0,"enabled":false},"version":2}},"categories":[15],"tags":[],"class_list":{"0":"post-91649","1":"post","2":"type-post","3":"status-publish","4":"format-standard","5":"has-post-thumbnail","7":"category-michoacan"},"aioseo_notices":[],"jetpack_publicize_connections":[],"jetpack_featured_media_url":"https:\/\/mediagroup.mx\/wp-content\/uploads\/2026\/05\/WhatsApp-Image-2026-05-01-at-9.45.05-AM.jpeg","jetpack_sharing_enabled":true,"_links":{"self":[{"href":"https:\/\/mediagroup.mx\/index.php\/wp-json\/wp\/v2\/posts\/91649","targetHints":{"allow":["GET"]}}],"collection":[{"href":"https:\/\/mediagroup.mx\/index.php\/wp-json\/wp\/v2\/posts"}],"about":[{"href":"https:\/\/mediagroup.mx\/index.php\/wp-json\/wp\/v2\/types\/post"}],"author":[{"embeddable":true,"href":"https:\/\/mediagroup.mx\/index.php\/wp-json\/wp\/v2\/users\/2"}],"replies":[{"embeddable":true,"href":"https:\/\/mediagroup.mx\/index.php\/wp-json\/wp\/v2\/comments?post=91649"}],"version-history":[{"count":2,"href":"https:\/\/mediagroup.mx\/index.php\/wp-json\/wp\/v2\/posts\/91649\/revisions"}],"predecessor-version":[{"id":91652,"href":"https:\/\/mediagroup.mx\/index.php\/wp-json\/wp\/v2\/posts\/91649\/revisions\/91652"}],"wp:featuredmedia":[{"embeddable":true,"href":"https:\/\/mediagroup.mx\/index.php\/wp-json\/wp\/v2\/media\/91650"}],"wp:attachment":[{"href":"https:\/\/mediagroup.mx\/index.php\/wp-json\/wp\/v2\/media?parent=91649"}],"wp:term":[{"taxonomy":"category","embeddable":true,"href":"https:\/\/mediagroup.mx\/index.php\/wp-json\/wp\/v2\/categories?post=91649"},{"taxonomy":"post_tag","embeddable":true,"href":"https:\/\/mediagroup.mx\/index.php\/wp-json\/wp\/v2\/tags?post=91649"}],"curies":[{"name":"wp","href":"https:\/\/api.w.org\/{rel}","templated":true}]}}