{"id":91653,"date":"2026-05-01T09:56:08","date_gmt":"2026-05-01T15:56:08","guid":{"rendered":"https:\/\/mediagroup.mx\/?p=91653"},"modified":"2026-05-01T09:56:08","modified_gmt":"2026-05-01T15:56:08","slug":"hombre-es-ultimado-a-tiros-en-la-colonia-los-vinedos-al-poniente-de-uruapan","status":"publish","type":"post","link":"https:\/\/mediagroup.mx\/index.php\/2026\/05\/01\/hombre-es-ultimado-a-tiros-en-la-colonia-los-vinedos-al-poniente-de-uruapan\/","title":{"rendered":"Hombre es ultimado a tiros en la colonia Los Vi\u00f1edos, al poniente de Uruapan"},"content":{"rendered":"<p>RED 113 MICHOAC\u00c1N\/Redacci\u00f3n<\/p>\n<p>Uruapan, Mich.- 01 de mayo de 2026.- Durante los \u00faltimos minutos del pasado jueves, un hombre fue privado de la vida a balazos en la colonia Los Vi\u00f1edos, al poniente de la ciudad de Uruapan. Las autoridades ya investigan el caso.<br \/>\nEl ataque armado fue perpetrado sobre la calle Zinfandel, casi esquina con Viura y provoc\u00f3 la inmediata movilizaci\u00f3n por parte de elementos de la Guardia Civil, Polic\u00eda Municipal y Guardia Nacional, pero los responsables lograron escapar en un veh\u00edculo de caracter\u00edsticas desconocidas.<\/p>\n<p>Param\u00e9dicos locales arribaron al sitio momentos despu\u00e9s, se aproximaron a la v\u00edctima y al revisarla confirmaron que carec\u00eda de signos vitales, as\u00ed que patrulleros acordonaron la zona para preservar posibles evidencias.<\/p>\n<p>M\u00e1s tarde, especialistas de la Fiscal\u00eda Regional se encargaron de realizar las actuaciones de ley y trasladaron el cad\u00e1ver al Servicio M\u00e9dico Forense (Semefo) para la pr\u00e1ctica de los estudios de rigor; su identidad es desconocida hasta el momento.<\/p>\n<p><img loading=\"lazy\" decoding=\"async\" class=\"alignnone size-medium wp-image-91654\" src=\"https:\/\/mediagroup.mx\/wp-content\/uploads\/2026\/05\/WhatsApp-Image-2026-05-01-at-9.43.20-AM-300x169.jpeg\" alt=\"\" width=\"300\" height=\"169\" srcset=\"https:\/\/mediagroup.mx\/wp-content\/uploads\/2026\/05\/WhatsApp-Image-2026-05-01-at-9.43.20-AM-300x169.jpeg 300w, https:\/\/mediagroup.mx\/wp-content\/uploads\/2026\/05\/WhatsApp-Image-2026-05-01-at-9.43.20-AM-1024x576.jpeg 1024w, https:\/\/mediagroup.mx\/wp-content\/uploads\/2026\/05\/WhatsApp-Image-2026-05-01-at-9.43.20-AM-768x432.jpeg 768w, https:\/\/mediagroup.mx\/wp-content\/uploads\/2026\/05\/WhatsApp-Image-2026-05-01-at-9.43.20-AM-1536x864.jpeg 1536w, https:\/\/mediagroup.mx\/wp-content\/uploads\/2026\/05\/WhatsApp-Image-2026-05-01-at-9.43.20-AM-150x84.jpeg 150w, https:\/\/mediagroup.mx\/wp-content\/uploads\/2026\/05\/WhatsApp-Image-2026-05-01-at-9.43.20-AM-696x392.jpeg 696w, https:\/\/mediagroup.mx\/wp-content\/uploads\/2026\/05\/WhatsApp-Image-2026-05-01-at-9.43.20-AM-1068x601.jpeg 1068w, https:\/\/mediagroup.mx\/wp-content\/uploads\/2026\/05\/WhatsApp-Image-2026-05-01-at-9.43.20-AM.jpeg 1600w\" sizes=\"auto, (max-width: 300px) 100vw, 300px\" \/><\/p>\n","protected":false},"excerpt":{"rendered":"<p>RED 113 MICHOAC\u00c1N\/Redacci\u00f3n Uruapan, Mich.- 01 de mayo de 2026.- Durante los \u00faltimos minutos del pasado jueves, un hombre fue privado de la vida a balazos en la colonia Los Vi\u00f1edos, al poniente de la ciudad de Uruapan. Las autoridades ya investigan el caso. El ataque armado fue perpetrado sobre la calle Zinfandel, casi esquina [&hellip;]<\/p>\n","protected":false},"author":2,"featured_media":91654,"comment_status":"closed","ping_status":"closed","sticky":false,"template":"","format":"standard","meta":{"om_disable_all_campaigns":false,"_monsterinsights_skip_tracking":false,"_monsterinsights_sitenote_active":false,"_monsterinsights_sitenote_note":"","_monsterinsights_sitenote_category":0,"_uf_show_specific_survey":0,"_uf_disable_surveys":false,"_jetpack_memberships_contains_paid_content":false,"footnotes":"","jetpack_publicize_message":"Hombre es ultimado a tiros en la colonia Los Vi\u00f1edos, al poniente de Uruapa","jetpack_publicize_feature_enabled":true,"jetpack_social_post_already_shared":true,"jetpack_social_options":{"image_generator_settings":{"template":"highway","default_image_id":0,"enabled":false},"version":2}},"categories":[36],"tags":[],"class_list":{"0":"post-91653","1":"post","2":"type-post","3":"status-publish","4":"format-standard","5":"has-post-thumbnail","7":"category-michoacanseguridad"},"aioseo_notices":[],"jetpack_publicize_connections":[],"jetpack_featured_media_url":"https:\/\/mediagroup.mx\/wp-content\/uploads\/2026\/05\/WhatsApp-Image-2026-05-01-at-9.43.20-AM.jpeg","jetpack_sharing_enabled":true,"_links":{"self":[{"href":"https:\/\/mediagroup.mx\/index.php\/wp-json\/wp\/v2\/posts\/91653","targetHints":{"allow":["GET"]}}],"collection":[{"href":"https:\/\/mediagroup.mx\/index.php\/wp-json\/wp\/v2\/posts"}],"about":[{"href":"https:\/\/mediagroup.mx\/index.php\/wp-json\/wp\/v2\/types\/post"}],"author":[{"embeddable":true,"href":"https:\/\/mediagroup.mx\/index.php\/wp-json\/wp\/v2\/users\/2"}],"replies":[{"embeddable":true,"href":"https:\/\/mediagroup.mx\/index.php\/wp-json\/wp\/v2\/comments?post=91653"}],"version-history":[{"count":1,"href":"https:\/\/mediagroup.mx\/index.php\/wp-json\/wp\/v2\/posts\/91653\/revisions"}],"predecessor-version":[{"id":91655,"href":"https:\/\/mediagroup.mx\/index.php\/wp-json\/wp\/v2\/posts\/91653\/revisions\/91655"}],"wp:featuredmedia":[{"embeddable":true,"href":"https:\/\/mediagroup.mx\/index.php\/wp-json\/wp\/v2\/media\/91654"}],"wp:attachment":[{"href":"https:\/\/mediagroup.mx\/index.php\/wp-json\/wp\/v2\/media?parent=91653"}],"wp:term":[{"taxonomy":"category","embeddable":true,"href":"https:\/\/mediagroup.mx\/index.php\/wp-json\/wp\/v2\/categories?post=91653"},{"taxonomy":"post_tag","embeddable":true,"href":"https:\/\/mediagroup.mx\/index.php\/wp-json\/wp\/v2\/tags?post=91653"}],"curies":[{"name":"wp","href":"https:\/\/api.w.org\/{rel}","templated":true}]}}