{"id":91668,"date":"2026-05-01T13:54:20","date_gmt":"2026-05-01T19:54:20","guid":{"rendered":"https:\/\/mediagroup.mx\/?p=91668"},"modified":"2026-05-01T13:54:20","modified_gmt":"2026-05-01T19:54:20","slug":"se-registra-incendio-de-camioneta-en-la-colonia-balcones-de-santa-maria-morelia","status":"publish","type":"post","link":"https:\/\/mediagroup.mx\/index.php\/2026\/05\/01\/se-registra-incendio-de-camioneta-en-la-colonia-balcones-de-santa-maria-morelia\/","title":{"rendered":"Se registra incendio de camioneta en la colonia Balcones de Santa Mar\u00eda, Morelia"},"content":{"rendered":"<p>RED 113 MICHOAC\u00c1N\/ Redacci\u00f3n<\/p>\n<p>Morelia, Mich.- 01 de mayo de 2026.- Una camioneta ardi\u00f3 en llamas durante el mediod\u00eda de este viernes en la colonia Balcones de Santa Mar\u00eda, ubicada al sur de la ciudad de Morelia. Por fortuna no hubo personas heridas o fallecidas, comentaron autoridades policiales, las cuales agregaron que el siniestro se origin\u00f3 por una falla mec\u00e1nica.<\/p>\n<p>El hecho ocurri\u00f3 a la orilla de la calle Juli\u00e1n Carrillo, cerca de la calle Paseo de Los Eucaliptos. Varios automovilistas que transitaban por el lugar avisaron al n\u00famero de emergencias.<\/p>\n<p>Despu\u00e9s acudieron los bomberos municipales, quienes sofocaron el fuego, pero el veh\u00edculo termin\u00f3 totalmente calcinado. Unos oficiales pidieron una gr\u00faa para retirar la unidad siniestrada.<\/p>\n<p><img loading=\"lazy\" decoding=\"async\" class=\"alignnone size-medium wp-image-91669\" src=\"https:\/\/mediagroup.mx\/wp-content\/uploads\/2026\/05\/WhatsApp-Image-2026-05-01-at-1.46.03-PM-300x138.jpeg\" alt=\"\" width=\"300\" height=\"138\" srcset=\"https:\/\/mediagroup.mx\/wp-content\/uploads\/2026\/05\/WhatsApp-Image-2026-05-01-at-1.46.03-PM-300x138.jpeg 300w, https:\/\/mediagroup.mx\/wp-content\/uploads\/2026\/05\/WhatsApp-Image-2026-05-01-at-1.46.03-PM-1024x472.jpeg 1024w, https:\/\/mediagroup.mx\/wp-content\/uploads\/2026\/05\/WhatsApp-Image-2026-05-01-at-1.46.03-PM-768x354.jpeg 768w, https:\/\/mediagroup.mx\/wp-content\/uploads\/2026\/05\/WhatsApp-Image-2026-05-01-at-1.46.03-PM-1536x708.jpeg 1536w, https:\/\/mediagroup.mx\/wp-content\/uploads\/2026\/05\/WhatsApp-Image-2026-05-01-at-1.46.03-PM-150x69.jpeg 150w, https:\/\/mediagroup.mx\/wp-content\/uploads\/2026\/05\/WhatsApp-Image-2026-05-01-at-1.46.03-PM-696x321.jpeg 696w, https:\/\/mediagroup.mx\/wp-content\/uploads\/2026\/05\/WhatsApp-Image-2026-05-01-at-1.46.03-PM-1068x492.jpeg 1068w, https:\/\/mediagroup.mx\/wp-content\/uploads\/2026\/05\/WhatsApp-Image-2026-05-01-at-1.46.03-PM.jpeg 1600w\" sizes=\"auto, (max-width: 300px) 100vw, 300px\" \/><\/p>\n","protected":false},"excerpt":{"rendered":"<p>RED 113 MICHOAC\u00c1N\/ Redacci\u00f3n Morelia, Mich.- 01 de mayo de 2026.- Una camioneta ardi\u00f3 en llamas durante el mediod\u00eda de este viernes en la colonia Balcones de Santa Mar\u00eda, ubicada al sur de la ciudad de Morelia. Por fortuna no hubo personas heridas o fallecidas, comentaron autoridades policiales, las cuales agregaron que el siniestro se [&hellip;]<\/p>\n","protected":false},"author":2,"featured_media":91669,"comment_status":"closed","ping_status":"closed","sticky":false,"template":"","format":"standard","meta":{"om_disable_all_campaigns":false,"_monsterinsights_skip_tracking":false,"_monsterinsights_sitenote_active":false,"_monsterinsights_sitenote_note":"","_monsterinsights_sitenote_category":0,"_uf_show_specific_survey":0,"_uf_disable_surveys":false,"_jetpack_memberships_contains_paid_content":false,"footnotes":"","jetpack_publicize_message":"Se registra incendio de camioneta en la colonia Balcones de Santa Mar\u00eda, Morelia\r\n\r\n+ El fuego se origin\u00f3 por una falla mec\u00e1nica.","jetpack_publicize_feature_enabled":true,"jetpack_social_post_already_shared":true,"jetpack_social_options":{"image_generator_settings":{"template":"highway","default_image_id":0,"enabled":false},"version":2}},"categories":[28],"tags":[],"class_list":{"0":"post-91668","1":"post","2":"type-post","3":"status-publish","4":"format-standard","5":"has-post-thumbnail","7":"category-moreliaseguridad"},"aioseo_notices":[],"jetpack_publicize_connections":[],"jetpack_featured_media_url":"https:\/\/mediagroup.mx\/wp-content\/uploads\/2026\/05\/WhatsApp-Image-2026-05-01-at-1.46.03-PM.jpeg","jetpack_sharing_enabled":true,"_links":{"self":[{"href":"https:\/\/mediagroup.mx\/index.php\/wp-json\/wp\/v2\/posts\/91668","targetHints":{"allow":["GET"]}}],"collection":[{"href":"https:\/\/mediagroup.mx\/index.php\/wp-json\/wp\/v2\/posts"}],"about":[{"href":"https:\/\/mediagroup.mx\/index.php\/wp-json\/wp\/v2\/types\/post"}],"author":[{"embeddable":true,"href":"https:\/\/mediagroup.mx\/index.php\/wp-json\/wp\/v2\/users\/2"}],"replies":[{"embeddable":true,"href":"https:\/\/mediagroup.mx\/index.php\/wp-json\/wp\/v2\/comments?post=91668"}],"version-history":[{"count":1,"href":"https:\/\/mediagroup.mx\/index.php\/wp-json\/wp\/v2\/posts\/91668\/revisions"}],"predecessor-version":[{"id":91670,"href":"https:\/\/mediagroup.mx\/index.php\/wp-json\/wp\/v2\/posts\/91668\/revisions\/91670"}],"wp:featuredmedia":[{"embeddable":true,"href":"https:\/\/mediagroup.mx\/index.php\/wp-json\/wp\/v2\/media\/91669"}],"wp:attachment":[{"href":"https:\/\/mediagroup.mx\/index.php\/wp-json\/wp\/v2\/media?parent=91668"}],"wp:term":[{"taxonomy":"category","embeddable":true,"href":"https:\/\/mediagroup.mx\/index.php\/wp-json\/wp\/v2\/categories?post=91668"},{"taxonomy":"post_tag","embeddable":true,"href":"https:\/\/mediagroup.mx\/index.php\/wp-json\/wp\/v2\/tags?post=91668"}],"curies":[{"name":"wp","href":"https:\/\/api.w.org\/{rel}","templated":true}]}}