{"id":91671,"date":"2026-05-01T14:24:51","date_gmt":"2026-05-01T20:24:51","guid":{"rendered":"https:\/\/mediagroup.mx\/?p=91671"},"modified":"2026-05-01T14:24:51","modified_gmt":"2026-05-01T20:24:51","slug":"guillermo-ochoa-anuncia-la-fecha-en-que-se-retirara-del-futbol-previo-al-mundial","status":"publish","type":"post","link":"https:\/\/mediagroup.mx\/index.php\/2026\/05\/01\/guillermo-ochoa-anuncia-la-fecha-en-que-se-retirara-del-futbol-previo-al-mundial\/","title":{"rendered":"Guillermo Ochoa anuncia la fecha en que se retirar\u00e1 del futbol, previo al mundial\u200b\u200b\u200b\u200b\u200b\u200b\u200b\u200b\u200b\u200b\u200b\u200b\u200b\u200b\u200b\u200b"},"content":{"rendered":"<p class=\"amp-sc__font-paragraph\">La<b> Copa del Mundo de 2026<\/b>, que se celebrar\u00e1 en M\u00e9xico, Estados Unidos y Canad\u00e1, representa un momento hist\u00f3rico en la carrera de <b>Guillermo Ochoa<\/b>, quien podr\u00eda alcanzar la cifra de seis mundiales disputados. El guardameta mexicano, con una amplia trayectoria en Europa tras su paso por ligas de Francia, Espa\u00f1a, Italia y Chipre, mantiene la ilusi\u00f3n de ser convocado por <b>Javier Aguirre<\/b> y cerrar as\u00ed su etapa como profesional en el m\u00e1ximo escenario del futbol.<\/p>\n<p class=\"amp-sc__font-paragraph\"><img loading=\"lazy\" decoding=\"async\" class=\"alignnone size-medium wp-image-91672\" src=\"https:\/\/mediagroup.mx\/wp-content\/uploads\/2026\/05\/IMG_1216-300x185.jpeg\" alt=\"\" width=\"300\" height=\"185\" srcset=\"https:\/\/mediagroup.mx\/wp-content\/uploads\/2026\/05\/IMG_1216-300x185.jpeg 300w, https:\/\/mediagroup.mx\/wp-content\/uploads\/2026\/05\/IMG_1216-1024x631.jpeg 1024w, https:\/\/mediagroup.mx\/wp-content\/uploads\/2026\/05\/IMG_1216-768x473.jpeg 768w, https:\/\/mediagroup.mx\/wp-content\/uploads\/2026\/05\/IMG_1216-150x92.jpeg 150w, https:\/\/mediagroup.mx\/wp-content\/uploads\/2026\/05\/IMG_1216-696x429.jpeg 696w, https:\/\/mediagroup.mx\/wp-content\/uploads\/2026\/05\/IMG_1216-1068x658.jpeg 1068w, https:\/\/mediagroup.mx\/wp-content\/uploads\/2026\/05\/IMG_1216.jpeg 1081w\" sizes=\"auto, (max-width: 300px) 100vw, 300px\" \/><br \/>\nEn las \u00faltimas horas, esta posibilidad ha cobrado fuerza luego de que Ochoa compartiera una publicaci\u00f3n del periodista especializado en fichajes, <b>Fabrizio Romano<\/b>, quien le dedic\u00f3 unas palabras a trav\u00e9s de su cuenta en X.<\/p>\n<p class=\"amp-sc__font-paragraph\">De acuerdo con la versi\u00f3n del comunicador italiano, el arquero cumplir\u00eda su objetivo de disputar el Mundial con la Selecci\u00f3n Mexicana y, una vez concluida su participaci\u00f3n con el Tricolor, pondr\u00eda fin a su carrera futbol\u00edstica.<\/p>\n<p class=\"amp-sc__font-paragraph\">\u00abMemo Ochoa jugar\u00e1 su sexta Copa del Mundo representando a M\u00e9xico, ya que el legendario portero formar\u00e1 parte de la plantilla.Ochoa se retirar\u00e1 del f\u00fatbol profesional inmediatamente despu\u00e9s, dejando su club y la selecci\u00f3n nacional\u00bb, escribi\u00f3.<\/p>\n<p>La especulaci\u00f3n creci\u00f3 entre aficionados y seguidores luego de que el propio Ochoa replicara el mensaje, gesto que muchos interpretaron como una se\u00f1al de que el desenlace de su hist\u00f3rica trayectoria en las canchas est\u00e1 cada vez m\u00e1s cerca.<\/p>\n<p>V\u00eda: El Universal<\/p>\n","protected":false},"excerpt":{"rendered":"<p>La Copa del Mundo de 2026, que se celebrar\u00e1 en M\u00e9xico, Estados Unidos y Canad\u00e1, representa un momento hist\u00f3rico en la carrera de Guillermo Ochoa, quien podr\u00eda alcanzar la cifra de seis mundiales disputados. El guardameta mexicano, con una amplia trayectoria en Europa tras su paso por ligas de Francia, Espa\u00f1a, Italia y Chipre, mantiene [&hellip;]<\/p>\n","protected":false},"author":2,"featured_media":91672,"comment_status":"closed","ping_status":"closed","sticky":false,"template":"","format":"standard","meta":{"om_disable_all_campaigns":false,"_monsterinsights_skip_tracking":false,"_monsterinsights_sitenote_active":false,"_monsterinsights_sitenote_note":"","_monsterinsights_sitenote_category":0,"_uf_show_specific_survey":0,"_uf_disable_surveys":false,"_jetpack_memberships_contains_paid_content":false,"footnotes":"","jetpack_publicize_message":"Guillermo Ochoa anuncia la fecha en que se retirar\u00e1 del futbol, previo al mundial\u200b\u200b\u200b\u200b\u200b\u200b\u200b\u200b\u200b\u200b\u200b\u200b\u200b\u200b\u200b\u200b","jetpack_publicize_feature_enabled":true,"jetpack_social_post_already_shared":true,"jetpack_social_options":{"image_generator_settings":{"template":"highway","default_image_id":0,"enabled":false},"version":2}},"categories":[19],"tags":[],"class_list":{"0":"post-91671","1":"post","2":"type-post","3":"status-publish","4":"format-standard","5":"has-post-thumbnail","7":"category-deportes"},"aioseo_notices":[],"jetpack_publicize_connections":[],"jetpack_featured_media_url":"https:\/\/mediagroup.mx\/wp-content\/uploads\/2026\/05\/IMG_1216.jpeg","jetpack_sharing_enabled":true,"_links":{"self":[{"href":"https:\/\/mediagroup.mx\/index.php\/wp-json\/wp\/v2\/posts\/91671","targetHints":{"allow":["GET"]}}],"collection":[{"href":"https:\/\/mediagroup.mx\/index.php\/wp-json\/wp\/v2\/posts"}],"about":[{"href":"https:\/\/mediagroup.mx\/index.php\/wp-json\/wp\/v2\/types\/post"}],"author":[{"embeddable":true,"href":"https:\/\/mediagroup.mx\/index.php\/wp-json\/wp\/v2\/users\/2"}],"replies":[{"embeddable":true,"href":"https:\/\/mediagroup.mx\/index.php\/wp-json\/wp\/v2\/comments?post=91671"}],"version-history":[{"count":1,"href":"https:\/\/mediagroup.mx\/index.php\/wp-json\/wp\/v2\/posts\/91671\/revisions"}],"predecessor-version":[{"id":91673,"href":"https:\/\/mediagroup.mx\/index.php\/wp-json\/wp\/v2\/posts\/91671\/revisions\/91673"}],"wp:featuredmedia":[{"embeddable":true,"href":"https:\/\/mediagroup.mx\/index.php\/wp-json\/wp\/v2\/media\/91672"}],"wp:attachment":[{"href":"https:\/\/mediagroup.mx\/index.php\/wp-json\/wp\/v2\/media?parent=91671"}],"wp:term":[{"taxonomy":"category","embeddable":true,"href":"https:\/\/mediagroup.mx\/index.php\/wp-json\/wp\/v2\/categories?post=91671"},{"taxonomy":"post_tag","embeddable":true,"href":"https:\/\/mediagroup.mx\/index.php\/wp-json\/wp\/v2\/tags?post=91671"}],"curies":[{"name":"wp","href":"https:\/\/api.w.org\/{rel}","templated":true}]}}