{"id":91677,"date":"2026-05-01T17:43:49","date_gmt":"2026-05-01T23:43:49","guid":{"rendered":"https:\/\/mediagroup.mx\/?p=91677"},"modified":"2026-05-01T17:50:45","modified_gmt":"2026-05-01T23:50:45","slug":"balean-a-3-hombres-en-el-fraccionamiento-villas-del-pedregal-hay-2-muertos","status":"publish","type":"post","link":"https:\/\/mediagroup.mx\/index.php\/2026\/05\/01\/balean-a-3-hombres-en-el-fraccionamiento-villas-del-pedregal-hay-2-muertos\/","title":{"rendered":"Balean a 3 hombres en el fraccionamiento Villas del Pedregal; hay 2 muertos"},"content":{"rendered":"<p>RED 113 MICHOAC\u00c1N\/ Redacci\u00f3n<\/p>\n<p>Morelia, Mich.- Viernes 01 de mayo de 2026.- Tres hombres fueron atacados a balazos en un departamento del fraccionamiento Villas del Pedregal, al poniente de Morelia; dos de las v\u00edctimas, padre e hijo, murieron y la otra qued\u00f3 malherida, informaron autoridades policiales.<\/p>\n<p>El hecho de violencia se registr\u00f3 la tarde de este viernes en un domicilio de la calle Oriente 6, casi esquina con Hafnio. De acuerdo con las fuentes, tras la agresi\u00f3n los responsables huyeron a bordo de un veh\u00edculo Nissan Sentra color gris.<\/p>\n<p>Vecinos reportaron la situaci\u00f3n al n\u00famero de emergencias, por lo que al lugar acudieron patrulleros municipales y estatales, as\u00ed como param\u00e9dicos, quienes confirmaron el deceso de Oswaldo Yandel y Jos\u00e9 Trinidad, de 18 y 42 a\u00f1os de edad, respectivamente.<\/p>\n<p>Asimismo, los rescatistas auxiliaron al sobreviviente y lo canalizaron a un hospital para su adecuada atenci\u00f3n m\u00e9dica, paciente que responde al nombre de Edison de aproximadamente 20 a\u00f1os de edad.<\/p>\n<p>Los uniformados acordonaron el per\u00edmetro y solicitaron la intervenci\u00f3n de la Fiscal\u00eda General del Estado (FGE), cuyos especialistas de la Unidad de Servicios Periciales y Escena del Crimen (USPEC) realizaron las diligencias correspondientes y trasladaron los cuerpos a la morgue para la pr\u00e1ctica de la necropsia de ley.<\/p>\n<p><img loading=\"lazy\" decoding=\"async\" class=\"alignnone size-medium wp-image-91678\" src=\"https:\/\/mediagroup.mx\/wp-content\/uploads\/2026\/05\/WhatsApp-Image-2026-05-01-at-5.29.25-PM-300x225.jpeg\" alt=\"\" width=\"300\" height=\"225\" srcset=\"https:\/\/mediagroup.mx\/wp-content\/uploads\/2026\/05\/WhatsApp-Image-2026-05-01-at-5.29.25-PM-300x225.jpeg 300w, https:\/\/mediagroup.mx\/wp-content\/uploads\/2026\/05\/WhatsApp-Image-2026-05-01-at-5.29.25-PM-1024x768.jpeg 1024w, https:\/\/mediagroup.mx\/wp-content\/uploads\/2026\/05\/WhatsApp-Image-2026-05-01-at-5.29.25-PM-768x576.jpeg 768w, https:\/\/mediagroup.mx\/wp-content\/uploads\/2026\/05\/WhatsApp-Image-2026-05-01-at-5.29.25-PM-1536x1152.jpeg 1536w, https:\/\/mediagroup.mx\/wp-content\/uploads\/2026\/05\/WhatsApp-Image-2026-05-01-at-5.29.25-PM-150x113.jpeg 150w, https:\/\/mediagroup.mx\/wp-content\/uploads\/2026\/05\/WhatsApp-Image-2026-05-01-at-5.29.25-PM-696x522.jpeg 696w, https:\/\/mediagroup.mx\/wp-content\/uploads\/2026\/05\/WhatsApp-Image-2026-05-01-at-5.29.25-PM-1068x801.jpeg 1068w, https:\/\/mediagroup.mx\/wp-content\/uploads\/2026\/05\/WhatsApp-Image-2026-05-01-at-5.29.25-PM.jpeg 1600w\" sizes=\"auto, (max-width: 300px) 100vw, 300px\" \/><\/p>\n","protected":false},"excerpt":{"rendered":"<p>RED 113 MICHOAC\u00c1N\/ Redacci\u00f3n Morelia, Mich.- Viernes 01 de mayo de 2026.- Tres hombres fueron atacados a balazos en un departamento del fraccionamiento Villas del Pedregal, al poniente de Morelia; dos de las v\u00edctimas, padre e hijo, murieron y la otra qued\u00f3 malherida, informaron autoridades policiales. El hecho de violencia se registr\u00f3 la tarde de [&hellip;]<\/p>\n","protected":false},"author":2,"featured_media":91678,"comment_status":"closed","ping_status":"closed","sticky":false,"template":"","format":"standard","meta":{"om_disable_all_campaigns":false,"_monsterinsights_skip_tracking":false,"_monsterinsights_sitenote_active":false,"_monsterinsights_sitenote_note":"","_monsterinsights_sitenote_category":0,"_uf_show_specific_survey":0,"_uf_disable_surveys":false,"_jetpack_memberships_contains_paid_content":false,"footnotes":"","jetpack_publicize_message":"Balean a 3 hombres en el fraccionamiento Villas del Pedregal; hay 2 muertos\r\n\r\n  + Los hechores huyeron en un veh\u00edculo gris. \r\n  + El m\u00faltiple atentado sucedi\u00f3 en un departamento.","jetpack_publicize_feature_enabled":true,"jetpack_social_post_already_shared":true,"jetpack_social_options":{"image_generator_settings":{"template":"highway","default_image_id":0,"enabled":false},"version":2}},"categories":[17],"tags":[629,118,51,462,400],"class_list":{"0":"post-91677","1":"post","2":"type-post","3":"status-publish","4":"format-standard","5":"has-post-thumbnail","7":"category-morelia","8":"tag-balacean","9":"tag-inseguridad","10":"tag-morelia","11":"tag-muertos","12":"tag-villas-del-pedregal"},"aioseo_notices":[],"jetpack_publicize_connections":[],"jetpack_featured_media_url":"https:\/\/mediagroup.mx\/wp-content\/uploads\/2026\/05\/WhatsApp-Image-2026-05-01-at-5.29.25-PM.jpeg","jetpack_sharing_enabled":true,"_links":{"self":[{"href":"https:\/\/mediagroup.mx\/index.php\/wp-json\/wp\/v2\/posts\/91677","targetHints":{"allow":["GET"]}}],"collection":[{"href":"https:\/\/mediagroup.mx\/index.php\/wp-json\/wp\/v2\/posts"}],"about":[{"href":"https:\/\/mediagroup.mx\/index.php\/wp-json\/wp\/v2\/types\/post"}],"author":[{"embeddable":true,"href":"https:\/\/mediagroup.mx\/index.php\/wp-json\/wp\/v2\/users\/2"}],"replies":[{"embeddable":true,"href":"https:\/\/mediagroup.mx\/index.php\/wp-json\/wp\/v2\/comments?post=91677"}],"version-history":[{"count":2,"href":"https:\/\/mediagroup.mx\/index.php\/wp-json\/wp\/v2\/posts\/91677\/revisions"}],"predecessor-version":[{"id":91683,"href":"https:\/\/mediagroup.mx\/index.php\/wp-json\/wp\/v2\/posts\/91677\/revisions\/91683"}],"wp:featuredmedia":[{"embeddable":true,"href":"https:\/\/mediagroup.mx\/index.php\/wp-json\/wp\/v2\/media\/91678"}],"wp:attachment":[{"href":"https:\/\/mediagroup.mx\/index.php\/wp-json\/wp\/v2\/media?parent=91677"}],"wp:term":[{"taxonomy":"category","embeddable":true,"href":"https:\/\/mediagroup.mx\/index.php\/wp-json\/wp\/v2\/categories?post=91677"},{"taxonomy":"post_tag","embeddable":true,"href":"https:\/\/mediagroup.mx\/index.php\/wp-json\/wp\/v2\/tags?post=91677"}],"curies":[{"name":"wp","href":"https:\/\/api.w.org\/{rel}","templated":true}]}}